{"id":104934,"date":"2025-12-13T20:56:42","date_gmt":"2025-12-13T20:56:42","guid":{"rendered":"https:\/\/www.europesays.com\/se\/104934\/"},"modified":"2025-12-13T20:56:42","modified_gmt":"2025-12-13T20:56:42","slug":"kritiker-sagar-debatt-om-kritik-later-fett-osexiga","status":"publish","type":"post","link":"https:\/\/www.europesays.com\/se\/104934\/","title":{"rendered":"Kritiker s\u00e5gar debatt om kritik: \u201dL\u00e5ter fett osexiga\u201d"},"content":{"rendered":"<p>Alla andra har gjort bort sig i h\u00f6stens debatt om god musiksmak och artisten Rosal\u00edas nya skiva \u201dLux\u201d, skriver Aftonbladets Kristoffer Andersson. <\/p>\n<p>Allt b\u00f6rjade med en text av Expressens kulturchef Victor Malm. Malm beklagade sig \u00f6ver att musikkritiker inte l\u00e4ngre verkar kunna skilja p\u00e5 framg\u00e5ng och kvalitet, vilket enligt honom g\u00f6r kritiken som verksamhet r\u00e4tt on\u00f6dig.<\/p>\n<p>Texten fick en rad indignerade svar, d\u00e4ribland fr\u00e5n Saga Cavallin p\u00e5 DN, som kallade Malms kritik sexistisk. Hon menar att allt som tar sig in p\u00e5 en topplista inte alls l\u00e5ter likadant eller ointressant.<\/p>\n<p>\u201dVad som utm\u00e4rker nuet \u00e4r snarare att mycket av det som hamnar p\u00e5 topplistorna \u00e4r s\u00e5 m\u00e5ngskiftande, h\u00f6gkvalitativt och utmanande.\u201d<\/p>\n<p>Tillbaka till Kristoffer Andersson, som skriver: <\/p>\n<p>\u201dK\u00e4ra kollegor. N\u00e5gra st\u00e4rkande ord l\u00e4ngs v\u00e4gen: Ni l\u00e5ter fett osexiga.\u201d<\/p>\n<p>Han menar att Victor Malms \u201destetiska radar\u201d b\u00f6rjar och slutar med indierocksajten Pitchfork, och antyder att han d\u00e4rmed knappast \u00e4r n\u00e5got f\u00f6red\u00f6me f\u00f6r upph\u00f6jd smak. Samtidigt \u201dhar inga av de som har opponerat sig mot Malms verklighetsbeskrivning gjort n\u00e5got som helst sk\u00e4l f\u00f6r en nyanst\u00e4llning i popmusikens tj\u00e4nst\u201d.<\/p>\n<p>R\u00e4tt ger Andersson bara sig sj\u00e4lv, eftersom han \u00e4r den enda som verkar bry sig om DJ Sprinkles nya mix med runt 50 000 str\u00f6mningar. <\/p>\n<p>Omni \u00e4r politiskt obundna och oberoende. Vi str\u00e4var efter att ge fler perspektiv p\u00e5 nyheterna. Har du fr\u00e5gor eller synpunkter kring v\u00e5r rapportering? <a href=\"https:\/\/omni.se\/kritiker-sagar-debatt-om-kritik-later-fett-osexiga\/a\/mailto:redaktion@omni.se\" class=\"ArticleActions_contactLink__W2F1M\" rel=\"nofollow noopener\" target=\"_blank\">Kontakta redaktionen<\/a><\/p>\n","protected":false},"excerpt":{"rendered":"Alla andra har gjort bort sig i h\u00f6stens debatt om god musiksmak och artisten Rosal\u00edas nya skiva \u201dLux\u201d,&hellip;\n","protected":false},"author":2,"featured_media":104935,"comment_status":"","ping_status":"","sticky":false,"template":"","format":"standard","meta":{"footnotes":""},"categories":[67],"tags":[104,172,169,34,31,33,32,30,105,4758],"class_list":{"0":"post-104934","1":"post","2":"type-post","3":"status-publish","4":"format-standard","5":"has-post-thumbnail","7":"category-underhallning","8":"tag-entertainment","9":"tag-musik","10":"tag-recension","11":"tag-se","12":"tag-svenska","13":"tag-sverige","14":"tag-sweden","15":"tag-swedish","16":"tag-underhallning","17":"tag-victor-malm"},"share_on_mastodon":{"url":"https:\/\/pubeurope.com\/@se\/115714259903724941","error":""},"_links":{"self":[{"href":"https:\/\/www.europesays.com\/se\/wp-json\/wp\/v2\/posts\/104934","targetHints":{"allow":["GET"]}}],"collection":[{"href":"https:\/\/www.europesays.com\/se\/wp-json\/wp\/v2\/posts"}],"about":[{"href":"https:\/\/www.europesays.com\/se\/wp-json\/wp\/v2\/types\/post"}],"author":[{"embeddable":true,"href":"https:\/\/www.europesays.com\/se\/wp-json\/wp\/v2\/users\/2"}],"replies":[{"embeddable":true,"href":"https:\/\/www.europesays.com\/se\/wp-json\/wp\/v2\/comments?post=104934"}],"version-history":[{"count":0,"href":"https:\/\/www.europesays.com\/se\/wp-json\/wp\/v2\/posts\/104934\/revisions"}],"wp:featuredmedia":[{"embeddable":true,"href":"https:\/\/www.europesays.com\/se\/wp-json\/wp\/v2\/media\/104935"}],"wp:attachment":[{"href":"https:\/\/www.europesays.com\/se\/wp-json\/wp\/v2\/media?parent=104934"}],"wp:term":[{"taxonomy":"category","embeddable":true,"href":"https:\/\/www.europesays.com\/se\/wp-json\/wp\/v2\/categories?post=104934"},{"taxonomy":"post_tag","embeddable":true,"href":"https:\/\/www.europesays.com\/se\/wp-json\/wp\/v2\/tags?post=104934"}],"curies":[{"name":"wp","href":"https:\/\/api.w.org\/{rel}","templated":true}]}}