{"id":104938,"date":"2025-12-13T20:59:18","date_gmt":"2025-12-13T20:59:18","guid":{"rendered":"https:\/\/www.europesays.com\/se\/104938\/"},"modified":"2025-12-13T20:59:18","modified_gmt":"2025-12-13T20:59:18","slug":"bussar-fast-i-rondell-vid-alexanders-kiellands-plass","status":"publish","type":"post","link":"https:\/\/www.europesays.com\/se\/104938\/","title":{"rendered":"Bussar fast i rondell vid Alexanders Kiellands plass"},"content":{"rendered":"<p>Publicerad 13 dec 2025 kl 20.16Uppdaterad kl 20.30<\/p>\n<p>Hjulen p\u00e5 bussen snurrar runt, runt, runt \u2013 men inte p\u00e5 Alexander Kiellands plass i Oslo.<\/p>\n<p>Fyra stadsbussar och flera bilar fastnade i rondellen och blockerade alla k\u00f6rf\u00e4lt.<\/p>\n<p><img   alt=\"\"\/><\/p>\n<p>Bussarna bildade en fyrkant runt cirkulationsplatsen.<\/p>\n<p>Foto: Privat<\/p>\n<p>\u00d6ppna bild i helsk\u00e4rm<img loading=\"lazy\"   alt=\"\"\/><\/p>\n<p>Trond-Are Utle, boende vid kaosrondellen.<\/p>\n<p>Foto: Privat<\/p>\n<p>\u00d6ppna bild i helsk\u00e4rm<\/p>\n<p>Nyligen uppstod en n\u00e5got tragikomisk trafiksituation i centrala <a href=\"https:\/\/www.expressen.se\/tagg\/location\/oslo\/\" class=\"\" rel=\"nofollow noopener\" target=\"_blank\">Oslo<\/a>.<\/p>\n<p>Fyra stadsbussar fastnade i en kvadratform i rondellen vid Alexander Kiellands plass \u2013 och kunde inte ta sig runt. N\u00e5got som <a href=\"https:\/\/www.ao.no\/vet-ikke-hva-jeg-er-mest-imponert-over-at-de-klarte-a-komme-seg-inn-i-situasjonen-eller-at-de-komme-seg-ut-av-den\/s\/5-128-1200136\" rel=\"nofollow noopener\" target=\"_blank\">Avisa Oslo <\/a>var f\u00f6rst att rapportera om.<\/p>\n<p>Flera personbilar blev dessutom inst\u00e4ngda i kaoset \u2013 och det bildades k\u00f6er i alla riktningar.\u00a0<\/p>\n<p>Trond-Are Utle \u00e4r boende i omr\u00e5det och s\u00e5g hela miss\u00f6det utspela sig fr\u00e5n sin l\u00e4genhet vid 17-tiden.<\/p>\n<p>\u2013 Jag s\u00e5g pusslet i f\u00e5gelperspektiv fr\u00e5n min l\u00e4genhet och s\u00e5g l\u00f6sningen, s\u00e5 jag gick ner och l\u00f6ste upp knuten, s\u00e4ger han till Expressen.<\/p>\n<p><img loading=\"lazy\"   alt=\"\"\/><\/p>\n<p>Trond-Are skrattade \u00e5t h\u00e4ndelsen fr\u00e5n sin l\u00e4genhet.<\/p>\n<p>Foto: Privat<\/p>\n<p>\u00d6ppna bild i helsk\u00e4rm<img loading=\"lazy\"   alt=\"\"\/><\/p>\n<p>Personbilar fastnade mellan bussarna.<\/p>\n<p>Foto: Privat<\/p>\n<p>\u00d6ppna bild i helsk\u00e4rm<\/p>\n<p>Genom att dirigera trafiken kunde han hj\u00e4lpa fordonen loss \u2013 centimeter f\u00f6r centimeter. Efter cirka tre minuter var det l\u00f6st, ber\u00e4ttar han.<\/p>\n<p>Totalt satt bussarna fast i cirka tio minuter.<\/p>\n<p>Att bussar fastnar just i den rondellen \u00e4r inget ovanligt.<\/p>\n<p>Trots att situationen fr\u00e4mst var komisk, vittnar andra som befann sig i omr\u00e5det om frustrerade bilf\u00f6rare och mycket tutande.<\/p>\n<p>\u2013 Det h\u00e4r h\u00e4nder med j\u00e4mna mellanrum, jag tror att jag har sett det tre-fyra g\u00e5nger under de tv\u00e5 och ett halvt \u00e5r jag har bott h\u00e4r, s\u00e4ger Trond-Are till <a href=\"https:\/\/www.vg.no\/nyheter\/i\/3pkoP9\/busser-fast-paa-alexander-kiellands-plass-i-oslo\" rel=\"nofollow noopener\" target=\"_blank\">VG.<\/a><\/p>\n","protected":false},"excerpt":{"rendered":"Publicerad 13 dec 2025 kl 20.16Uppdaterad kl 20.30 Hjulen p\u00e5 bussen snurrar runt, runt, runt \u2013 men inte&hellip;\n","protected":false},"author":2,"featured_media":104939,"comment_status":"","ping_status":"","sticky":false,"template":"","format":"standard","meta":{"footnotes":""},"categories":[14],"tags":[22,23,26,27,17,21,24,25,884,28,29,15,16,18,34,55,31,33,32,30,19,437,435,20,51,52,53,54],"class_list":{"0":"post-104938","1":"post","2":"type-post","3":"status-publish","4":"format-standard","5":"has-post-thumbnail","7":"category-varlden","8":"tag-breaking-news","9":"tag-breakingnews","10":"tag-featured-news","11":"tag-featurednews","12":"tag-headlines","13":"tag-huvudnyheter","14":"tag-latest-news","15":"tag-latestnews","16":"tag-location-oslo","17":"tag-main-news","18":"tag-mainnews","19":"tag-news","20":"tag-nyheter","21":"tag-rubriker","22":"tag-se","23":"tag-sections-varlden","24":"tag-svenska","25":"tag-sverige","26":"tag-sweden","27":"tag-swedish","28":"tag-top-stories","29":"tag-topic-kollektivtrafik","30":"tag-topic-trafik","31":"tag-topstories","32":"tag-varlden","33":"tag-world","34":"tag-world-news","35":"tag-worldnews"},"share_on_mastodon":{"url":"https:\/\/pubeurope.com\/@se\/115714271713905640","error":""},"_links":{"self":[{"href":"https:\/\/www.europesays.com\/se\/wp-json\/wp\/v2\/posts\/104938","targetHints":{"allow":["GET"]}}],"collection":[{"href":"https:\/\/www.europesays.com\/se\/wp-json\/wp\/v2\/posts"}],"about":[{"href":"https:\/\/www.europesays.com\/se\/wp-json\/wp\/v2\/types\/post"}],"author":[{"embeddable":true,"href":"https:\/\/www.europesays.com\/se\/wp-json\/wp\/v2\/users\/2"}],"replies":[{"embeddable":true,"href":"https:\/\/www.europesays.com\/se\/wp-json\/wp\/v2\/comments?post=104938"}],"version-history":[{"count":0,"href":"https:\/\/www.europesays.com\/se\/wp-json\/wp\/v2\/posts\/104938\/revisions"}],"wp:featuredmedia":[{"embeddable":true,"href":"https:\/\/www.europesays.com\/se\/wp-json\/wp\/v2\/media\/104939"}],"wp:attachment":[{"href":"https:\/\/www.europesays.com\/se\/wp-json\/wp\/v2\/media?parent=104938"}],"wp:term":[{"taxonomy":"category","embeddable":true,"href":"https:\/\/www.europesays.com\/se\/wp-json\/wp\/v2\/categories?post=104938"},{"taxonomy":"post_tag","embeddable":true,"href":"https:\/\/www.europesays.com\/se\/wp-json\/wp\/v2\/tags?post=104938"}],"curies":[{"name":"wp","href":"https:\/\/api.w.org\/{rel}","templated":true}]}}