{"id":104961,"date":"2025-12-13T21:22:44","date_gmt":"2025-12-13T21:22:44","guid":{"rendered":"https:\/\/www.europesays.com\/se\/104961\/"},"modified":"2025-12-13T21:22:44","modified_gmt":"2025-12-13T21:22:44","slug":"trodde-det-skulle-vara-en-trakig-vuxen-grej","status":"publish","type":"post","link":"https:\/\/www.europesays.com\/se\/104961\/","title":{"rendered":"\u201dTrodde det skulle vara en tr\u00e5kig vuxen-grej\u201d"},"content":{"rendered":"<p><strong><a href=\"https:\/\/www.nyhetsbyranjarva.se\/ortens-barn-inspirerar-nobelpristagaren-i-litteratur\/\" rel=\"nofollow noopener\" target=\"_blank\">Under fredagsf\u00f6rmiddagen<\/a> bes\u00f6kte \u00e5rets nobelpristagare i litteratur, L\u00e1szl\u00f3 Krasznahorkai, Rinkeby bibliotek f\u00f6r det traditionella Nobel i Rinkeby och Tensta-mottagandet. Nyhetsbyr\u00e5n J\u00e4rva fr\u00e5gade n\u00e5gra av eleverna hur det har varit att jobba med Krasznahorkais texter och delta i projektet.<\/strong><\/p>\n<p><img loading=\"lazy\" decoding=\"async\" width=\"1024\" height=\"768\" src=\"https:\/\/www.europesays.com\/se\/wp-content\/uploads\/2025\/12\/ryan-1024x768.jpg\" alt=\"\" class=\"wp-image-133084\"  \/>Ryan.<\/p>\n<p><strong>Ryan, 15, Tensta<br \/><\/strong>\u2013 Det finns m\u00e5nga perspektiv och en bra rytm i hans texter, alla tolkar dem p\u00e5 olika s\u00e4tt. Jag gillar det. Det var kul att vara med i projektet och jag var faktiskt inte alls nerv\u00f6s innan jag skulle upp p\u00e5 scen.<\/p>\n<p><img loading=\"lazy\" decoding=\"async\" width=\"1024\" height=\"768\" src=\"https:\/\/www.europesays.com\/se\/wp-content\/uploads\/2025\/12\/nadiajulianna-1024x768.jpg\" alt=\"\" class=\"wp-image-133083\"  \/>Nadia och Julianna.<\/p>\n<p><strong>Nadia och Julianna, 9 \u00e5r, Rinkeby<\/strong><br \/>\u2013 Det var kul att vara med fast jag var v\u00e4ldigt nerv\u00f6s innan f\u00f6r att komma ih\u00e5g allt som jag skulle s\u00e4ga, s\u00e4ger Nadia.<br \/>\u2013 Jag gillar att st\u00e5 p\u00e5 scen faktiskt, det \u00e4r j\u00e4tteroligt. Men det k\u00e4nns \u00e4nd\u00e5 sk\u00f6nt nu n\u00e4r det \u00e4r klart, s\u00e4ger Julianna.<\/p>\n<p>Annons:<a class=\"gofollow\" data-track=\"NDAxLDEsNjA=\" href=\"https:\/\/meetingspublic.stockholm.se\/committees\/jarva-stadsdelsnamnd\" rel=\"nofollow noopener\" target=\"_blank\"><img decoding=\"async\" src=\"https:\/\/www.europesays.com\/se\/wp-content\/uploads\/2025\/12\/SthlmStad-116181-251212-18-NyhetsbyranJarva.png\"\/><\/a><\/p>\n<p><img loading=\"lazy\" decoding=\"async\" width=\"1024\" height=\"768\" src=\"https:\/\/www.europesays.com\/se\/wp-content\/uploads\/2025\/12\/jhad-1024x768.jpg\" alt=\"\" class=\"wp-image-133082\"  \/>Jhad.<\/p>\n<p><strong>Jhad, 9 \u00e5r, Rinkeby<br \/><\/strong>\u2013 Det var lite l\u00e4skigt innan, f\u00f6r att det var s\u00e5 m\u00e5nga som skulle komma. Jag tyckte att hans texter var lite sv\u00e5ra att jobba med. Men k\u00e4nns bra att jag v\u00e5gade prata p\u00e5 scen, jag var nerv\u00f6s innan.<\/p>\n<p><img loading=\"lazy\" decoding=\"async\" width=\"1024\" height=\"768\" src=\"https:\/\/www.europesays.com\/se\/wp-content\/uploads\/2025\/12\/zulaya-1024x768.jpg\" alt=\"\" class=\"wp-image-133085\"  \/>Zulaya.<\/p>\n<p><strong>Zulaya, 15 \u00e5r, Tensta<\/strong><br \/>\u2013 Jag trodde att det h\u00e4r skulle vara en tr\u00e5kig vuxen-grej men det var faktiskt j\u00e4ttekul att vara med. Mina kompisar hj\u00e4lpte och peppade mig mycket innan, jag var s\u00e5 nerv\u00f6s och trodde att jag skulle f\u00f6rst\u00f6ra allt. Men det gick mycket b\u00e4ttre \u00e4n vad jag trodde att det skulle g\u00f6ra.<\/p>\n<p><strong>Hedda Sundberg Lax <br \/>Bilder: Emilia Holmberg<\/strong><\/p>\n<p><img loading=\"lazy\" decoding=\"async\" width=\"1024\" height=\"768\" src=\"https:\/\/www.europesays.com\/se\/wp-content\/uploads\/2025\/12\/Zulaya-och-Ryan-1024x768.jpg\" alt=\"en tjej och en kille \u00e4r konferencierer p\u00e5 scen\" class=\"wp-image-133099\"  \/>Zulaya och Ryan var v\u00e4rdar under programmet i Rinkeby bibliotek.<\/p>\n<p class=\"has-text-align-left\">Nobel i Rinkeby och Tensta 2025 genomf\u00f6rs av elever fr\u00e5n Askebyskolan, Elinsborgsskolan, Enbacksskolan och Anna Whitlocks gymnasium under ledning av Annelie Drewsen och Katarina Lycken R\u00fcter i samarbete med Amanda Eriksson, Elin Lindell, Rinkeby bibliotek, Stockholms stadsbibliotek, Nobelprismuseet, Svenska Akademien, f\u00f6reningen Textpiloterna samt med st\u00f6d av G\u00e5l\u00f6stiftelsen, Natur &amp; Kultur, Stockholms stad och Abrahams barn p\u00e5 Sigtunastiftelsen. L\u00e4s mer om \u00e5rets projekt <a href=\"https:\/\/www.nobelirinkeby.se\/\" rel=\"nofollow noopener\" target=\"_blank\">h\u00e4r<\/a>.\n<\/p>\n<p>                    <a href=\"#\" rel=\"nofollow\" onclick=\"window.print(); return false;\" title=\"Printer Friendly, PDF &amp; Email\"><br \/>\n                    <img decoding=\"async\" class=\"pf-button-img\" src=\"https:\/\/www.europesays.com\/se\/wp-content\/uploads\/2025\/08\/printfriendly-pdf-button-nobg-md.png\" alt=\"Print Friendly, PDF &amp; Email\" style=\"width: 124px;height: 30px;\"\/><br \/>\n                    <\/a><\/p>\n","protected":false},"excerpt":{"rendered":"Under fredagsf\u00f6rmiddagen bes\u00f6kte \u00e5rets nobelpristagare i litteratur, L\u00e1szl\u00f3 Krasznahorkai, Rinkeby bibliotek f\u00f6r det traditionella Nobel i Rinkeby och&hellip;\n","protected":false},"author":2,"featured_media":104962,"comment_status":"","ping_status":"","sticky":false,"template":"","format":"standard","meta":{"footnotes":""},"categories":[67],"tags":[11800,104,5058,11801,5043,6741,34,31,33,32,30,1432,105],"class_list":{"0":"post-104961","1":"post","2":"type-post","3":"status-publish","4":"format-standard","5":"has-post-thumbnail","7":"category-underhallning","8":"tag-enkat","9":"tag-entertainment","10":"tag-laszlo-krasznahorkai","11":"tag-nobel-i-rinkeby-och-tensta","12":"tag-nobelpriset-i-litteratur","13":"tag-rinkeby","14":"tag-se","15":"tag-svenska","16":"tag-sverige","17":"tag-sweden","18":"tag-swedish","19":"tag-topp","20":"tag-underhallning"},"share_on_mastodon":{"url":"https:\/\/pubeurope.com\/@se\/115714362757737594","error":""},"_links":{"self":[{"href":"https:\/\/www.europesays.com\/se\/wp-json\/wp\/v2\/posts\/104961","targetHints":{"allow":["GET"]}}],"collection":[{"href":"https:\/\/www.europesays.com\/se\/wp-json\/wp\/v2\/posts"}],"about":[{"href":"https:\/\/www.europesays.com\/se\/wp-json\/wp\/v2\/types\/post"}],"author":[{"embeddable":true,"href":"https:\/\/www.europesays.com\/se\/wp-json\/wp\/v2\/users\/2"}],"replies":[{"embeddable":true,"href":"https:\/\/www.europesays.com\/se\/wp-json\/wp\/v2\/comments?post=104961"}],"version-history":[{"count":0,"href":"https:\/\/www.europesays.com\/se\/wp-json\/wp\/v2\/posts\/104961\/revisions"}],"wp:featuredmedia":[{"embeddable":true,"href":"https:\/\/www.europesays.com\/se\/wp-json\/wp\/v2\/media\/104962"}],"wp:attachment":[{"href":"https:\/\/www.europesays.com\/se\/wp-json\/wp\/v2\/media?parent=104961"}],"wp:term":[{"taxonomy":"category","embeddable":true,"href":"https:\/\/www.europesays.com\/se\/wp-json\/wp\/v2\/categories?post=104961"},{"taxonomy":"post_tag","embeddable":true,"href":"https:\/\/www.europesays.com\/se\/wp-json\/wp\/v2\/tags?post=104961"}],"curies":[{"name":"wp","href":"https:\/\/api.w.org\/{rel}","templated":true}]}}