{"id":104971,"date":"2025-12-13T21:29:09","date_gmt":"2025-12-13T21:29:09","guid":{"rendered":"https:\/\/www.europesays.com\/se\/104971\/"},"modified":"2025-12-13T21:29:09","modified_gmt":"2025-12-13T21:29:09","slug":"varningen-om-allsvenska-kvotregeln-det-ar-absolut-nagot-att-halla-koll-pa-allsvenskan","status":"publish","type":"post","link":"https:\/\/www.europesays.com\/se\/104971\/","title":{"rendered":"Varningen om allsvenska kvotregeln: \u201dDet \u00e4r absolut n\u00e5got att h\u00e5lla koll p\u00e5\u201d | Allsvenskan"},"content":{"rendered":"<p>Publicerad 13 dec 2025 kl 20.41<\/p>\n<p>PremiumDen s\u00e5 kallade utl\u00e4nningskvoten har st\u00e4llt till det p\u00e5 sina h\u00e5ll under s\u00e4songen\u00a0\u2013\u00a0och kr\u00e4ver att lagpusslet l\u00e4ggs p\u00e5 r\u00e4tt s\u00e4tt.<\/p>\n<p>Samtidigt:<\/p>\n<p>N\u00e4rmar sig ett l\u00e4ge d\u00e4r klubbarna beh\u00f6ver betala \u00f6verpriser f\u00f6r svenska spelare?<\/p>\n<p>\u2013\u00a0Vi \u00e4r inte d\u00e4r riktigt \u00e4n, men det \u00e4r absolut n\u00e5got att h\u00e5lla koll p\u00e5, s\u00e4ger Malm\u00f6 FF:s sportchef Daniel Andersson.<\/p>\n<p><img   alt=\"\"\/>\u00d6ppna bild i helsk\u00e4rm<\/p>\n","protected":false},"excerpt":{"rendered":"Publicerad 13 dec 2025 kl 20.41 PremiumDen s\u00e5 kallade utl\u00e4nningskvoten har st\u00e4llt till det p\u00e5 sina h\u00e5ll under&hellip;\n","protected":false},"author":2,"featured_media":104972,"comment_status":"","ping_status":"","sticky":false,"template":"","format":"standard","meta":{"footnotes":""},"categories":[68],"tags":[555,554,103,34,130,129,111,110,31,33,32,30],"class_list":{"0":"post-104971","1":"post","2":"type-post","3":"status-publish","4":"format-standard","5":"has-post-thumbnail","7":"category-sport","8":"tag-organization-allsvenskan","9":"tag-organization-djurgarden-fotboll","10":"tag-premium","11":"tag-se","12":"tag-sections-allsvenskan","13":"tag-sections-fotboll","14":"tag-sport","15":"tag-sports","16":"tag-svenska","17":"tag-sverige","18":"tag-sweden","19":"tag-swedish"},"share_on_mastodon":{"url":"https:\/\/pubeurope.com\/@se\/115714389852460895","error":""},"_links":{"self":[{"href":"https:\/\/www.europesays.com\/se\/wp-json\/wp\/v2\/posts\/104971","targetHints":{"allow":["GET"]}}],"collection":[{"href":"https:\/\/www.europesays.com\/se\/wp-json\/wp\/v2\/posts"}],"about":[{"href":"https:\/\/www.europesays.com\/se\/wp-json\/wp\/v2\/types\/post"}],"author":[{"embeddable":true,"href":"https:\/\/www.europesays.com\/se\/wp-json\/wp\/v2\/users\/2"}],"replies":[{"embeddable":true,"href":"https:\/\/www.europesays.com\/se\/wp-json\/wp\/v2\/comments?post=104971"}],"version-history":[{"count":0,"href":"https:\/\/www.europesays.com\/se\/wp-json\/wp\/v2\/posts\/104971\/revisions"}],"wp:featuredmedia":[{"embeddable":true,"href":"https:\/\/www.europesays.com\/se\/wp-json\/wp\/v2\/media\/104972"}],"wp:attachment":[{"href":"https:\/\/www.europesays.com\/se\/wp-json\/wp\/v2\/media?parent=104971"}],"wp:term":[{"taxonomy":"category","embeddable":true,"href":"https:\/\/www.europesays.com\/se\/wp-json\/wp\/v2\/categories?post=104971"},{"taxonomy":"post_tag","embeddable":true,"href":"https:\/\/www.europesays.com\/se\/wp-json\/wp\/v2\/tags?post=104971"}],"curies":[{"name":"wp","href":"https:\/\/api.w.org\/{rel}","templated":true}]}}