{"id":105009,"date":"2025-12-13T22:02:16","date_gmt":"2025-12-13T22:02:16","guid":{"rendered":"https:\/\/www.europesays.com\/se\/105009\/"},"modified":"2025-12-13T22:02:16","modified_gmt":"2025-12-13T22:02:16","slug":"gripen-arrangor-lovar-att-kompensera-supportrar","status":"publish","type":"post","link":"https:\/\/www.europesays.com\/se\/105009\/","title":{"rendered":"Gripen arrang\u00f6r lovar att kompensera supportrar"},"content":{"rendered":"<p>Arrang\u00f6ren bakom Lionel Messi-evenemanget i indiska Calcutta har gripits av polis, rapporterar Reuters. Polischefen Rajeev Kumar s\u00e5gar evenemanget och s\u00e4ger att ansvariga m\u00e5ste straffas. <\/p>\n<p>\u2013 Han har skriftligen lovat att biljetterna ska \u00e5terbetalas. <\/p>\n<p>Fans som k\u00f6pt dyra biljetter riktar massiv kritik mot arrang\u00f6ren eftersom Messis bes\u00f6k p\u00e5 fotbollsarenan blev kortare \u00e4n utlovat, och menar att stj\u00e4rnan knappt gick att se vare sig p\u00e5 planen eller storbildssk\u00e4rmar. <\/p>\n<p>Evenemanget slutade i ett fiasko d\u00e5 arenan vandaliserades.<\/p>\n<p>Omni \u00e4r politiskt obundna och oberoende. Vi str\u00e4var efter att ge fler perspektiv p\u00e5 nyheterna. Har du fr\u00e5gor eller synpunkter kring v\u00e5r rapportering? <a href=\"https:\/\/omni.se\/gripen-arrangor-lovar-att-kompensera-supportrar\/a\/mailto:redaktion@omni.se\" class=\"ArticleActions_contactLink__W2F1M\" rel=\"nofollow noopener\" target=\"_blank\">Kontakta redaktionen<\/a><\/p>\n","protected":false},"excerpt":{"rendered":"Arrang\u00f6ren bakom Lionel Messi-evenemanget i indiska Calcutta har gripits av polis, rapporterar Reuters. Polischefen Rajeev Kumar s\u00e5gar evenemanget&hellip;\n","protected":false},"author":2,"featured_media":105010,"comment_status":"","ping_status":"","sticky":false,"template":"","format":"standard","meta":{"footnotes":""},"categories":[68],"tags":[420,393,11808,34,111,110,31,33,32,30],"class_list":{"0":"post-105009","1":"post","2":"type-post","3":"status-publish","4":"format-standard","5":"has-post-thumbnail","7":"category-sport","8":"tag-asien","9":"tag-indien","10":"tag-lionel-messi","11":"tag-se","12":"tag-sport","13":"tag-sports","14":"tag-svenska","15":"tag-sverige","16":"tag-sweden","17":"tag-swedish"},"share_on_mastodon":{"url":"https:\/\/pubeurope.com\/@se\/115714519607385556","error":""},"_links":{"self":[{"href":"https:\/\/www.europesays.com\/se\/wp-json\/wp\/v2\/posts\/105009","targetHints":{"allow":["GET"]}}],"collection":[{"href":"https:\/\/www.europesays.com\/se\/wp-json\/wp\/v2\/posts"}],"about":[{"href":"https:\/\/www.europesays.com\/se\/wp-json\/wp\/v2\/types\/post"}],"author":[{"embeddable":true,"href":"https:\/\/www.europesays.com\/se\/wp-json\/wp\/v2\/users\/2"}],"replies":[{"embeddable":true,"href":"https:\/\/www.europesays.com\/se\/wp-json\/wp\/v2\/comments?post=105009"}],"version-history":[{"count":0,"href":"https:\/\/www.europesays.com\/se\/wp-json\/wp\/v2\/posts\/105009\/revisions"}],"wp:featuredmedia":[{"embeddable":true,"href":"https:\/\/www.europesays.com\/se\/wp-json\/wp\/v2\/media\/105010"}],"wp:attachment":[{"href":"https:\/\/www.europesays.com\/se\/wp-json\/wp\/v2\/media?parent=105009"}],"wp:term":[{"taxonomy":"category","embeddable":true,"href":"https:\/\/www.europesays.com\/se\/wp-json\/wp\/v2\/categories?post=105009"},{"taxonomy":"post_tag","embeddable":true,"href":"https:\/\/www.europesays.com\/se\/wp-json\/wp\/v2\/tags?post=105009"}],"curies":[{"name":"wp","href":"https:\/\/api.w.org\/{rel}","templated":true}]}}