{"id":10501,"date":"2025-08-21T18:01:07","date_gmt":"2025-08-21T18:01:07","guid":{"rendered":"https:\/\/www.europesays.com\/se\/10501\/"},"modified":"2025-08-21T18:01:07","modified_gmt":"2025-08-21T18:01:07","slug":"tva-haktade-pa-gotland-ska-ha-lurat-till-sig-miljoner","status":"publish","type":"post","link":"https:\/\/www.europesays.com\/se\/10501\/","title":{"rendered":"Tv\u00e5 h\u00e4ktade p\u00e5 Gotland \u2013 ska ha lurat till sig miljoner"},"content":{"rendered":"<p>Publicerad 21 aug 2025 kl 18.05<\/p>\n<p>Ett f\u00f6retag p\u00e5 Gotland ska ha blivit bedraget p\u00e5 m\u00e5ngmiljonbelopp.<\/p>\n<p>Nu har en kvinna och en man h\u00e4ktats.<\/p>\n<p>\u2013 Flera moment blir problematiska n\u00e4r det r\u00f6r sig om m\u00e5nga misst\u00e4nkta p\u00e5 en mindre ort som Visby, s\u00e4ger Samuel Alm vid polisen.<\/p>\n<p><img   alt=\"\"\/><\/p>\n<p>Personerna har h\u00e4ktats vid Gotlands tingsr\u00e4tt.<\/p>\n<p>Foto: Tim Aro\/TT \/ TT NYHETSBYR\u00c5N<\/p>\n<p>\u00d6ppna bild i helsk\u00e4rm<\/p>\n<p>Det var tidigt p\u00e5 tisdagsmorgonen f\u00f6rra veckan som Gotlandspolisen grep tv\u00e5 personer. Samtidigt genomf\u00f6rdes husrannsakningar runtom i Visby, och flera misst\u00e4nkta h\u00e4mtades in till f\u00f6rh\u00f6r.<\/p>\n<p>Tv\u00e5 h\u00e4ktade<\/p>\n<p>I fredags h\u00e4ktades de tv\u00e5 personer som hade gripits. I handlingar fr\u00e5n tingsr\u00e4tten visar det sig att det r\u00f6r sig om en man i 35-\u00e5rs\u00e5ldern, som misst\u00e4nks f\u00f6r grovt penningtv\u00e4ttsbrott under 2023, och en kvinna 45-\u00e5rs\u00e5ldern, som misst\u00e4nks f\u00f6r grov trol\u00f6shet mot huvudman under 2022\u20132024.<\/p>\n<p>B\u00e5da \u00e4r skrivna i Visby.<\/p>\n<p>Ytterligare tv\u00e5 personer \u00e4r misst\u00e4nkta, men inte h\u00e4ktade.<\/p>\n<p>Enligt polisen handlar det om ett lokalt f\u00f6retag p\u00e5 <a href=\"https:\/\/www.expressen.se\/tagg\/location\/gotland\/\" class=\"\" rel=\"nofollow noopener\" target=\"_blank\">Gotland<\/a>, som anm\u00e4lt att det blivit bedraget p\u00e5 m\u00e5ngmiljonbelopp under 2022\u20132023. Utredningsarbetet ska ha p\u00e5g\u00e5tt i flera m\u00e5nader innan de tv\u00e5 personerna greps och h\u00e4ktades f\u00f6rra veckan.<\/p>\n<p>Polisen: \u201dProblematiska moment\u201d<\/p>\n<p>\u2013 Vi ser insatsen som lyckad, s\u00e4ger polisens insatsledare Samuel Alm i en kommentar.<\/p>\n<p>Han forts\u00e4tter:<\/p>\n<p>\u2013 Flera moment blir problematiska n\u00e4r det r\u00f6r sig om m\u00e5nga misst\u00e4nkta p\u00e5 en mindre ort som Visby d\u00e4r det finns en alla k\u00e4nner alla-k\u00e4nsla. Men med hj\u00e4lp av flera sektioner inom polisen p\u00e5 Gotland kunde vi genomf\u00f6ra insatsen p\u00e5 ett effektivt och s\u00e4kert vis.<\/p>\n<p>\u00c5klagare Oskar Frigell, som leder f\u00f6runders\u00f6kningen, vill inte g\u00e5 in p\u00e5 vilket f\u00f6retag det r\u00f6r sig om.<\/p>\n<p>\u2013 Jag kan med h\u00e4nsyn till f\u00f6runders\u00f6kningssekretess inte s\u00e4ga s\u00e5 mycket i nul\u00e4get, eller g\u00e5 in i detalj p\u00e5 vad misstankarna best\u00e5r av. Men vi h\u00e4gnar oss \u00e5t att h\u00f6ra vittnen och g\u00e5r igenom teknisk bevisning.<\/p>\n<p>De tv\u00e5 h\u00e4ktade personerna f\u00f6rnekar brott.<\/p>\n","protected":false},"excerpt":{"rendered":"Publicerad 21 aug 2025 kl 18.05 Ett f\u00f6retag p\u00e5 Gotland ska ha blivit bedraget p\u00e5 m\u00e5ngmiljonbelopp. Nu har&hellip;\n","protected":false},"author":2,"featured_media":10502,"comment_status":"","ping_status":"","sticky":false,"template":"","format":"standard","meta":{"footnotes":""},"categories":[12],"tags":[22,23,26,27,17,21,24,25,1486,28,29,15,16,18,34,154,31,33,32,30,19,1307,20],"class_list":{"0":"post-10501","1":"post","2":"type-post","3":"status-publish","4":"format-standard","5":"has-post-thumbnail","7":"category-sverige","8":"tag-breaking-news","9":"tag-breakingnews","10":"tag-featured-news","11":"tag-featurednews","12":"tag-headlines","13":"tag-huvudnyheter","14":"tag-latest-news","15":"tag-latestnews","16":"tag-location-gotland","17":"tag-main-news","18":"tag-mainnews","19":"tag-news","20":"tag-nyheter","21":"tag-rubriker","22":"tag-se","23":"tag-sections-sverige","24":"tag-svenska","25":"tag-sverige","26":"tag-sweden","27":"tag-swedish","28":"tag-top-stories","29":"tag-topic-bedrageri","30":"tag-topstories"},"share_on_mastodon":{"url":"","error":""},"_links":{"self":[{"href":"https:\/\/www.europesays.com\/se\/wp-json\/wp\/v2\/posts\/10501","targetHints":{"allow":["GET"]}}],"collection":[{"href":"https:\/\/www.europesays.com\/se\/wp-json\/wp\/v2\/posts"}],"about":[{"href":"https:\/\/www.europesays.com\/se\/wp-json\/wp\/v2\/types\/post"}],"author":[{"embeddable":true,"href":"https:\/\/www.europesays.com\/se\/wp-json\/wp\/v2\/users\/2"}],"replies":[{"embeddable":true,"href":"https:\/\/www.europesays.com\/se\/wp-json\/wp\/v2\/comments?post=10501"}],"version-history":[{"count":0,"href":"https:\/\/www.europesays.com\/se\/wp-json\/wp\/v2\/posts\/10501\/revisions"}],"wp:featuredmedia":[{"embeddable":true,"href":"https:\/\/www.europesays.com\/se\/wp-json\/wp\/v2\/media\/10502"}],"wp:attachment":[{"href":"https:\/\/www.europesays.com\/se\/wp-json\/wp\/v2\/media?parent=10501"}],"wp:term":[{"taxonomy":"category","embeddable":true,"href":"https:\/\/www.europesays.com\/se\/wp-json\/wp\/v2\/categories?post=10501"},{"taxonomy":"post_tag","embeddable":true,"href":"https:\/\/www.europesays.com\/se\/wp-json\/wp\/v2\/tags?post=10501"}],"curies":[{"name":"wp","href":"https:\/\/api.w.org\/{rel}","templated":true}]}}