{"id":105030,"date":"2025-12-13T22:25:43","date_gmt":"2025-12-13T22:25:43","guid":{"rendered":"https:\/\/www.europesays.com\/se\/105030\/"},"modified":"2025-12-13T22:25:43","modified_gmt":"2025-12-13T22:25:43","slug":"intern-maktkampi-trump-lagret-omputin-och-ukraina","status":"publish","type":"post","link":"https:\/\/www.europesays.com\/se\/105030\/","title":{"rendered":"Intern maktkamp\ni Trump-l\u00e4gret om\nPutin och Ukraina"},"content":{"rendered":"<p>Det p\u00e5g\u00e5r en intern maktkamp mellan tre l\u00e4ger i Trump-administrationen om Putin och Ukraina.<\/p>\n<p>Det uppger ukrainska och europeiska tj\u00e4nstem\u00e4n f\u00f6r <a href=\"https:\/\/www.telegraph.co.uk\/us\/politics\/2025\/12\/12\/pentagon-golden-boy-hegseth-dan-driscoll\/\" rel=\"nofollow noopener\" target=\"_blank\">Telegraph<\/a>.<\/p>\n<p>Steve Witkoff har anklagats f\u00f6r att driva en \u201dskuggoperation inuti Vita huset\u201d i ett f\u00f6rs\u00f6k att \u201dtr\u00e4nga ut pro-ukrainska\u201d r\u00f6ster som Marco Rubio.<\/p>\n<p>Senaste klippen om Trump-administrationen.<img   alt=\"\"\/><\/p>\n<p>Steve Witkoff, Marco Rubio och Jared Kushner.<\/p>\n<p>Foto: TERRY RENNA \/ AP TT NYHETSBYR\u00c5N<\/p>\n<p>\u00d6ppna bild i helsk\u00e4rm<img loading=\"lazy\"   alt=\"\"\/><\/p>\n<p>Trump och Zelenskyj.<\/p>\n<p>Foto: JOSHUA SUKOFF \/ SIPA\/IBL<\/p>\n<p>\u00d6ppna bild i helsk\u00e4rm<img loading=\"lazy\"   alt=\"\"\/><\/p>\n<p>Donald Trump.<\/p>\n<p>Foto: INSTAR \/ STELLA PICTURES \/ STELLA PICTURES<\/p>\n<p>\u00d6ppna bild i helsk\u00e4rm<img loading=\"lazy\"   alt=\"\"\/><\/p>\n<p>Putin.<\/p>\n<p>Foto: AA \/ STELLA PICTURES<\/p>\n<p>\u00d6ppna bild i helsk\u00e4rm<\/p>\n<p>USA:s s\u00e4rskilda s\u00e4ndebud Steve Witkoff ska tr\u00e4ffa <a href=\"https:\/\/www.expressen.se\/tagg\/location\/ukraina\/\" class=\"\" rel=\"nofollow noopener\" target=\"_blank\">Ukrainas<\/a> president Volodymyr Zelenskyj och flera europeiska ledare i tyska Berlin i helgen f\u00f6r att diskutera fredsf\u00f6rhandlingarna kring kriget i Ukraina. Flera amerikanska medier uppger att det finns tre olika l\u00e4ger inom Trump-administrationen kring hur man ska ta sig an Ukraina och Ryssland.<\/p>\n<p>\u201dVance-l\u00e4gret\u201d, som leds av vicepresidenten JD Vance, vill se mindre amerikansk inblandning i konflikter runtom i v\u00e4rlden och har kritiserat Volodymyr Zelenskyj f\u00f6r \u201dbristande tacksamhet\u201d gentemot USA.<\/p>\n<p>\u2013 Om jag ska vara helt \u00e4rligt s\u00e5 bryr jag mig inte om vad som h\u00e4nder med Ukraina, sade Vance efter den ryska invasionen enligt <a href=\"https:\/\/www.businessinsider.com\/gop-candidate-jd-vance-i-dont-care-what-happens-ukraine-2022-2\" rel=\"nofollow noopener\" target=\"_blank\">Business Insider<\/a>.<\/p>\n<p>\u201dGjort det i m\u00e5nader\u201d<\/p>\n<p>\u201dRubio-l\u00e4gret\u201d, ledda av utrikesminister Marco Rubio, har en mer klassisk republikansk inst\u00e4llning till utrikespolitik och har p\u00e5 l\u00f6rdagen ett m\u00f6te med europeiska och ukrainska ledare i Paris.<\/p>\n<p>Arm\u00e9ministern Dan Driscoll, en l\u00e5ngvarig Vance-allierad som har varit central i f\u00f6rhandlingarna mellan USA och Ukraina, petades dock nyligen av krigsministern Pete Hegseth.<\/p>\n<p>Det \u00e4r dock gruppen ledd av Witkoff och presidentens sv\u00e4rson Jared Kushner som driver p\u00e5 i fredssamtalen och vid flera tillf\u00e4llen har tr\u00e4ffat Putin i Moskva. <a href=\"https:\/\/kyivindependent.com\/exclusive-is-trump-envoy-working-with-russia-witkoff-runs-operation-to-sideline-pro-ukraine-officials-inside-white-house\/\" rel=\"nofollow noopener\" target=\"_blank\">Kyiv Independent<\/a> skrev nyligen att Witkoff \u201ddriver en skuggoperation inuti Vita huset\u201d i ett f\u00f6rs\u00f6k att \u201dtr\u00e4nga ut pro-ukrainska r\u00f6ster i Trump-administrationen\u201d som Rubio, n\u00e5got som ska ha st\u00f6d av Vance.<\/p>\n<p>\u2013 Han har gjort det i m\u00e5nader, uppgav k\u00e4llan.<\/p>\n<p>Konkurrerande falanger<\/p>\n<p>En k\u00e4lla beskrev Vita huset \u201den r\u00f6ra av konkurrerande falanger, som var och en f\u00f6rs\u00f6ker presentera sin version av h\u00e4ndelserna som administrationens officiella linje\u201d.<\/p>\n<p>Vita husets talesperson Katherine Levitt har h\u00e4vdat att Witkoff och Rubio arbetade tillsammans med den f\u00f6reslagna fredsplanen, men det p\u00e5st\u00e5endet tillbakavisades av k\u00e4llorna.<\/p>\n<p>Rubio ska nyligen ha f\u00f6rs\u00f6kt v\u00e4nda Trump mot Putin p\u00e5 grund av planen f\u00f6r Ukraina. Det uppgav en h\u00f6gt uppsatt tj\u00e4nsteman i Vita huset f\u00f6r nyhetsplattformen Semafor.<\/p>\n<p>Witkoff ska \u00e5 sin sida ha tipsat Putins stab om hur de ska f\u00e5 sin vilja igenom med Trump.<\/p>\n<p><strong>L\u00c4S MER: <\/strong><a href=\"https:\/\/www.expressen.se\/nyheter\/varlden\/petas-fran-samtalen-av-paranoid-hegseth\/\" class=\"\" rel=\"nofollow noopener\" target=\"_blank\">Petas fr\u00e5n samtalen \u2013 av &#8221;paranoid&#8221; Hegseth<\/a><strong>L\u00c4S MER: <\/strong><a href=\"https:\/\/www.expressen.se\/nyheter\/varlden\/donald-trumps-nya-deadline-till-ukraina\/\" class=\"\" rel=\"nofollow noopener\" target=\"_blank\">Donald Trumps nya deadline till Ukraina<\/a>Hustruns kupp under julfesten.<\/p>\n","protected":false},"excerpt":{"rendered":"Det p\u00e5g\u00e5r en intern maktkamp mellan tre l\u00e4ger i Trump-administrationen om Putin och Ukraina. Det uppger ukrainska och&hellip;\n","protected":false},"author":2,"featured_media":105031,"comment_status":"","ping_status":"","sticky":false,"template":"","format":"standard","meta":{"footnotes":""},"categories":[5],"tags":[22,23,26,27,17,21,24,25,274,202,1340,28,29,15,276,16,198,6759,362,1455,335,18,34,55,31,33,32,30,19,204,60,20],"class_list":{"0":"post-105030","1":"post","2":"type-post","3":"status-publish","4":"format-standard","5":"has-post-thumbnail","7":"category-rubriker","8":"tag-breaking-news","9":"tag-breakingnews","10":"tag-featured-news","11":"tag-featurednews","12":"tag-headlines","13":"tag-huvudnyheter","14":"tag-latest-news","15":"tag-latestnews","16":"tag-location-ryssland","17":"tag-location-ukraina","18":"tag-location-vita-huset","19":"tag-main-news","20":"tag-mainnews","21":"tag-news","22":"tag-newsstory-kriget-i-ukraina","23":"tag-nyheter","24":"tag-person-donald-trump","25":"tag-person-jared-kushner","26":"tag-person-marco-rubio","27":"tag-person-pete-hegseth","28":"tag-person-steve-witkoff","29":"tag-rubriker","30":"tag-se","31":"tag-sections-varlden","32":"tag-svenska","33":"tag-sverige","34":"tag-sweden","35":"tag-swedish","36":"tag-top-stories","37":"tag-topic-amerikansk-politik","38":"tag-topic-krig-konflikt","39":"tag-topstories"},"share_on_mastodon":{"url":"","error":"Validation failed: Text character limit of 500 exceeded"},"_links":{"self":[{"href":"https:\/\/www.europesays.com\/se\/wp-json\/wp\/v2\/posts\/105030","targetHints":{"allow":["GET"]}}],"collection":[{"href":"https:\/\/www.europesays.com\/se\/wp-json\/wp\/v2\/posts"}],"about":[{"href":"https:\/\/www.europesays.com\/se\/wp-json\/wp\/v2\/types\/post"}],"author":[{"embeddable":true,"href":"https:\/\/www.europesays.com\/se\/wp-json\/wp\/v2\/users\/2"}],"replies":[{"embeddable":true,"href":"https:\/\/www.europesays.com\/se\/wp-json\/wp\/v2\/comments?post=105030"}],"version-history":[{"count":0,"href":"https:\/\/www.europesays.com\/se\/wp-json\/wp\/v2\/posts\/105030\/revisions"}],"wp:featuredmedia":[{"embeddable":true,"href":"https:\/\/www.europesays.com\/se\/wp-json\/wp\/v2\/media\/105031"}],"wp:attachment":[{"href":"https:\/\/www.europesays.com\/se\/wp-json\/wp\/v2\/media?parent=105030"}],"wp:term":[{"taxonomy":"category","embeddable":true,"href":"https:\/\/www.europesays.com\/se\/wp-json\/wp\/v2\/categories?post=105030"},{"taxonomy":"post_tag","embeddable":true,"href":"https:\/\/www.europesays.com\/se\/wp-json\/wp\/v2\/tags?post=105030"}],"curies":[{"name":"wp","href":"https:\/\/api.w.org\/{rel}","templated":true}]}}