{"id":105075,"date":"2025-12-13T23:16:26","date_gmt":"2025-12-13T23:16:26","guid":{"rendered":"https:\/\/www.europesays.com\/se\/105075\/"},"modified":"2025-12-13T23:16:26","modified_gmt":"2025-12-13T23:16:26","slug":"demokraternas-toppnamn-visar-upp-sig-satter-tonen","status":"publish","type":"post","link":"https:\/\/www.europesays.com\/se\/105075\/","title":{"rendered":"Demokraternas toppnamn visar upp sig: \u201dS\u00e4tter tonen\u201d"},"content":{"rendered":"<p>N\u00e4r Demokraterna i USA i helgen \u00e4r samlade till vinterkongress finns tre av de hetaste namnen att bli partiets n\u00e4sta presidentkandidat p\u00e5 plats, konstaterar Fox News. Kanalen syftar p\u00e5 tidigare vicepresidenten Kamala Harris, Kaliforniens guvern\u00f6r Gavin Newsom och Illinois motsvarighet JB Pritzker. <\/p>\n<p>Huvudfokus f\u00f6r kongressen \u00e4r att utv\u00e4rdera partiets framg\u00e5ngsrika h\u00f6st, med flera tunga valsegrar p\u00e5 lokal niv\u00e5, men \u00e4ven fr\u00e5gan om partiets presidentkandidatur 2028 l\u00e4r diskuteras. Toppnamnens framtr\u00e4danden under kongressen kan ses som en sorts generalrepetition, s\u00e4ger en tung demokrat som vill vara anonym.<\/p>\n<p>\u2013 Det s\u00e4tter tonen inte bara f\u00f6r en jordskredsseger i mellan\u00e5rsvalet 2026 utan ger dem ocks\u00e5 m\u00f6jlighet att b\u00f6rja slipa p\u00e5 ett vinnande budskap inf\u00f6r 2028, s\u00e4ger personen.  <\/p>\n<p>Omni \u00e4r politiskt obundna och oberoende. Vi str\u00e4var efter att ge fler perspektiv p\u00e5 nyheterna. Har du fr\u00e5gor eller synpunkter kring v\u00e5r rapportering? <a href=\"https:\/\/omni.se\/demokraternas-toppnamn-visar-upp-sig-satter-tonen\/a\/mailto:redaktion@omni.se\" class=\"ArticleActions_contactLink__W2F1M\" rel=\"nofollow noopener\" target=\"_blank\">Kontakta redaktionen<\/a><\/p>\n","protected":false},"excerpt":{"rendered":"N\u00e4r Demokraterna i USA i helgen \u00e4r samlade till vinterkongress finns tre av de hetaste namnen att bli&hellip;\n","protected":false},"author":2,"featured_media":105076,"comment_status":"","ping_status":"","sticky":false,"template":"","format":"standard","meta":{"footnotes":""},"categories":[14],"tags":[387,22,23,1201,26,27,5976,17,21,2136,24,25,28,29,15,268,16,18,34,31,33,32,30,19,20,74,51,52,53,54],"class_list":{"0":"post-105075","1":"post","2":"type-post","3":"status-publish","4":"format-standard","5":"has-post-thumbnail","7":"category-varlden","8":"tag-amerikansk-politik","9":"tag-breaking-news","10":"tag-breakingnews","11":"tag-demokraterna-i-usa","12":"tag-featured-news","13":"tag-featurednews","14":"tag-gavin-newsom","15":"tag-headlines","16":"tag-huvudnyheter","17":"tag-kamala-harris","18":"tag-latest-news","19":"tag-latestnews","20":"tag-main-news","21":"tag-mainnews","22":"tag-news","23":"tag-nordamerika","24":"tag-nyheter","25":"tag-rubriker","26":"tag-se","27":"tag-svenska","28":"tag-sverige","29":"tag-sweden","30":"tag-swedish","31":"tag-top-stories","32":"tag-topstories","33":"tag-usa","34":"tag-varlden","35":"tag-world","36":"tag-world-news","37":"tag-worldnews"},"share_on_mastodon":{"url":"https:\/\/pubeurope.com\/@se\/115714810539137889","error":""},"_links":{"self":[{"href":"https:\/\/www.europesays.com\/se\/wp-json\/wp\/v2\/posts\/105075","targetHints":{"allow":["GET"]}}],"collection":[{"href":"https:\/\/www.europesays.com\/se\/wp-json\/wp\/v2\/posts"}],"about":[{"href":"https:\/\/www.europesays.com\/se\/wp-json\/wp\/v2\/types\/post"}],"author":[{"embeddable":true,"href":"https:\/\/www.europesays.com\/se\/wp-json\/wp\/v2\/users\/2"}],"replies":[{"embeddable":true,"href":"https:\/\/www.europesays.com\/se\/wp-json\/wp\/v2\/comments?post=105075"}],"version-history":[{"count":0,"href":"https:\/\/www.europesays.com\/se\/wp-json\/wp\/v2\/posts\/105075\/revisions"}],"wp:featuredmedia":[{"embeddable":true,"href":"https:\/\/www.europesays.com\/se\/wp-json\/wp\/v2\/media\/105076"}],"wp:attachment":[{"href":"https:\/\/www.europesays.com\/se\/wp-json\/wp\/v2\/media?parent=105075"}],"wp:term":[{"taxonomy":"category","embeddable":true,"href":"https:\/\/www.europesays.com\/se\/wp-json\/wp\/v2\/categories?post=105075"},{"taxonomy":"post_tag","embeddable":true,"href":"https:\/\/www.europesays.com\/se\/wp-json\/wp\/v2\/tags?post=105075"}],"curies":[{"name":"wp","href":"https:\/\/api.w.org\/{rel}","templated":true}]}}