{"id":105103,"date":"2025-12-13T23:43:25","date_gmt":"2025-12-13T23:43:25","guid":{"rendered":"https:\/\/www.europesays.com\/se\/105103\/"},"modified":"2025-12-13T23:43:25","modified_gmt":"2025-12-13T23:43:25","slug":"tyskland-ska-besvara-ryska-hybridangrepp-2","status":"publish","type":"post","link":"https:\/\/www.europesays.com\/se\/105103\/","title":{"rendered":"Tyskland: Ska besvara ryska hybridangrepp"},"content":{"rendered":"<p>Ryssland l\u00e5g bakom en stor cyberattack mot den tyska myndigheten f\u00f6r flygs\u00e4kerhet (DFS) i augusti 2024, meddelar en talesperson f\u00f6r Tysklands utrikesdepartement vid en presskonferens enligt nyhetsbyr\u00e5n DPA.<\/p>\n<p>Denne s\u00e4ger att det kan sl\u00e5s fast att det var den ryska hackergruppen APT28, som ocks\u00e5 kallas Fancy Bear, som l\u00e5g bakom angreppet. Gruppen kopplas till Rysslands milit\u00e4ra underr\u00e4ttelsetj\u00e4nst GRU.<\/p>\n<p>Misstankar mot just den gruppen h\u00f6rdes redan i samband med angreppet. G\u00e4rningspersonerna lyckades ta sig in i myndighetens it-system, men det uppgavs inte ha haft n\u00e5gon p\u00e5verkan p\u00e5 sj\u00e4lva flygtrafiken d\u00e4r och d\u00e5.<\/p>\n<p>Smutskastning i valet<\/p>\n<p>\u2013 F\u00f6r det andra kan vi nu definitivt s\u00e4ga att Ryssland, genom kampanjen Storm 1516, f\u00f6rs\u00f6kte p\u00e5verka och destabilisera det senaste federala valet, s\u00e4ger talespersonen.<\/p>\n<p>Storm 1516 har tidigare pekats ut som ett centralt organ i ett omfattande ryskt propagandamaskineri p\u00e5 n\u00e4tet som spridit l\u00f6gner och f\u00f6rs\u00f6kt s\u00e5 split i europeiska l\u00e4nder och USA.<\/p>\n<p>Det senaste valet till Tysklands f\u00f6rbundsdag h\u00f6lls i februari i \u00e5r. I valr\u00f6relsen anklagas Ryssland f\u00f6r att ha iscensatt smutskastningskampanjer mot De gr\u00f6nas toppkandidat Robert Habeck och kristdemokraten Friedrich Merz, som kom att v\u00e4ljas till Tysklands f\u00f6rbundskansler.<\/p>\n<p>S\u00e4kerhetshot<\/p>\n<p>Tyskland kommer att vidta \u201den rad svars\u00e5tg\u00e4rder\u201d i samspr\u00e5k med andra europeiska l\u00e4nder f\u00f6r att Ryssland ska \u201df\u00e5 betala ett pris f\u00f6r dess hybridhandlingar\u201d. Det kan d\u00e5 handla om sanktioner mot enskilda \u201dhybridakt\u00f6rer, p\u00e5 en europeisk niv\u00e5\u201d, enligt talespersonen.<\/p>\n<p>I detta l\u00e4ge kallas den ryske ambassad\u00f6ren Sergej Netjajev upp till departementet.<\/p>\n<p>Ryssland har hotat Tysklands s\u00e4kerhet p\u00e5 ett v\u00e4ldigt konkret s\u00e4tt, understryker utrikesdepartementet p\u00e5 presskonferensen.<\/p>\n<p>\u2013 Inte bara genom sitt anfallskrig mot Ukraina utan \u00e4ven h\u00e4r i Tyskland, s\u00e4ger talespersonen, som inte namnges i de f\u00f6rsta tyska medierapporterna.<\/p>\n","protected":false},"excerpt":{"rendered":"Ryssland l\u00e5g bakom en stor cyberattack mot den tyska myndigheten f\u00f6r flygs\u00e4kerhet (DFS) i augusti 2024, meddelar en&hellip;\n","protected":false},"author":2,"featured_media":105104,"comment_status":"","ping_status":"","sticky":false,"template":"","format":"standard","meta":{"footnotes":""},"categories":[14],"tags":[22,23,26,27,17,21,24,25,28,29,15,16,18,34,31,33,32,30,19,20,51,52,53,54],"class_list":{"0":"post-105103","1":"post","2":"type-post","3":"status-publish","4":"format-standard","5":"has-post-thumbnail","7":"category-varlden","8":"tag-breaking-news","9":"tag-breakingnews","10":"tag-featured-news","11":"tag-featurednews","12":"tag-headlines","13":"tag-huvudnyheter","14":"tag-latest-news","15":"tag-latestnews","16":"tag-main-news","17":"tag-mainnews","18":"tag-news","19":"tag-nyheter","20":"tag-rubriker","21":"tag-se","22":"tag-svenska","23":"tag-sverige","24":"tag-sweden","25":"tag-swedish","26":"tag-top-stories","27":"tag-topstories","28":"tag-varlden","29":"tag-world","30":"tag-world-news","31":"tag-worldnews"},"share_on_mastodon":{"url":"https:\/\/pubeurope.com\/@se\/115714916667690649","error":""},"_links":{"self":[{"href":"https:\/\/www.europesays.com\/se\/wp-json\/wp\/v2\/posts\/105103","targetHints":{"allow":["GET"]}}],"collection":[{"href":"https:\/\/www.europesays.com\/se\/wp-json\/wp\/v2\/posts"}],"about":[{"href":"https:\/\/www.europesays.com\/se\/wp-json\/wp\/v2\/types\/post"}],"author":[{"embeddable":true,"href":"https:\/\/www.europesays.com\/se\/wp-json\/wp\/v2\/users\/2"}],"replies":[{"embeddable":true,"href":"https:\/\/www.europesays.com\/se\/wp-json\/wp\/v2\/comments?post=105103"}],"version-history":[{"count":0,"href":"https:\/\/www.europesays.com\/se\/wp-json\/wp\/v2\/posts\/105103\/revisions"}],"wp:featuredmedia":[{"embeddable":true,"href":"https:\/\/www.europesays.com\/se\/wp-json\/wp\/v2\/media\/105104"}],"wp:attachment":[{"href":"https:\/\/www.europesays.com\/se\/wp-json\/wp\/v2\/media?parent=105103"}],"wp:term":[{"taxonomy":"category","embeddable":true,"href":"https:\/\/www.europesays.com\/se\/wp-json\/wp\/v2\/categories?post=105103"},{"taxonomy":"post_tag","embeddable":true,"href":"https:\/\/www.europesays.com\/se\/wp-json\/wp\/v2\/tags?post=105103"}],"curies":[{"name":"wp","href":"https:\/\/api.w.org\/{rel}","templated":true}]}}