{"id":105133,"date":"2025-12-14T00:12:24","date_gmt":"2025-12-14T00:12:24","guid":{"rendered":"https:\/\/www.europesays.com\/se\/105133\/"},"modified":"2025-12-14T00:12:24","modified_gmt":"2025-12-14T00:12:24","slug":"sa-kan-usa-och-trump-odla-motstand-mot-eus-politik","status":"publish","type":"post","link":"https:\/\/www.europesays.com\/se\/105133\/","title":{"rendered":"S\u00e5 kan USA och Trump odla motst\u00e5nd mot EU:s politik"},"content":{"rendered":"<p class=\"sc-60b1bdab-4 UGuVA no-break-inside premium-fade\" data-testid=\"article-top_article-lead_paywall\">USA har skrivit in i sin officiella s\u00e4kerhetsstrategi att \u201dmotst\u00e5nd\u201d ska odlas mot Europapolitikens nuvarande riktning. <br \/>I en l\u00e4ckt version \u2013 som Vita huset f\u00f6rnekar \u2013 st\u00e5r det till och med att fyra l\u00e4nder ska uppmuntras att l\u00e4mna EU.<br \/>Hur ska det d\u00e5 g\u00e5 till? G\u00f6ran von Sydow, direkt\u00f6r vid Svenska institutet f\u00f6r Europapolitiska studier, tror redan vi har f\u00e5tt ett smakprov \u2013 genom Elon Musk. <\/p>\n","protected":false},"excerpt":{"rendered":"USA har skrivit in i sin officiella s\u00e4kerhetsstrategi att \u201dmotst\u00e5nd\u201d ska odlas mot Europapolitikens nuvarande riktning. I en&hellip;\n","protected":false},"author":2,"featured_media":105134,"comment_status":"","ping_status":"","sticky":false,"template":"","format":"standard","meta":{"footnotes":""},"categories":[14],"tags":[22,23,26,27,17,21,24,25,28,29,15,16,18,34,31,33,32,30,19,20,51,52,53,54],"class_list":{"0":"post-105133","1":"post","2":"type-post","3":"status-publish","4":"format-standard","5":"has-post-thumbnail","7":"category-varlden","8":"tag-breaking-news","9":"tag-breakingnews","10":"tag-featured-news","11":"tag-featurednews","12":"tag-headlines","13":"tag-huvudnyheter","14":"tag-latest-news","15":"tag-latestnews","16":"tag-main-news","17":"tag-mainnews","18":"tag-news","19":"tag-nyheter","20":"tag-rubriker","21":"tag-se","22":"tag-svenska","23":"tag-sverige","24":"tag-sweden","25":"tag-swedish","26":"tag-top-stories","27":"tag-topstories","28":"tag-varlden","29":"tag-world","30":"tag-world-news","31":"tag-worldnews"},"share_on_mastodon":{"url":"https:\/\/pubeurope.com\/@se\/115715030740074613","error":""},"_links":{"self":[{"href":"https:\/\/www.europesays.com\/se\/wp-json\/wp\/v2\/posts\/105133","targetHints":{"allow":["GET"]}}],"collection":[{"href":"https:\/\/www.europesays.com\/se\/wp-json\/wp\/v2\/posts"}],"about":[{"href":"https:\/\/www.europesays.com\/se\/wp-json\/wp\/v2\/types\/post"}],"author":[{"embeddable":true,"href":"https:\/\/www.europesays.com\/se\/wp-json\/wp\/v2\/users\/2"}],"replies":[{"embeddable":true,"href":"https:\/\/www.europesays.com\/se\/wp-json\/wp\/v2\/comments?post=105133"}],"version-history":[{"count":0,"href":"https:\/\/www.europesays.com\/se\/wp-json\/wp\/v2\/posts\/105133\/revisions"}],"wp:featuredmedia":[{"embeddable":true,"href":"https:\/\/www.europesays.com\/se\/wp-json\/wp\/v2\/media\/105134"}],"wp:attachment":[{"href":"https:\/\/www.europesays.com\/se\/wp-json\/wp\/v2\/media?parent=105133"}],"wp:term":[{"taxonomy":"category","embeddable":true,"href":"https:\/\/www.europesays.com\/se\/wp-json\/wp\/v2\/categories?post=105133"},{"taxonomy":"post_tag","embeddable":true,"href":"https:\/\/www.europesays.com\/se\/wp-json\/wp\/v2\/tags?post=105133"}],"curies":[{"name":"wp","href":"https:\/\/api.w.org\/{rel}","templated":true}]}}