{"id":105162,"date":"2025-12-14T00:40:28","date_gmt":"2025-12-14T00:40:28","guid":{"rendered":"https:\/\/www.europesays.com\/se\/105162\/"},"modified":"2025-12-14T00:40:28","modified_gmt":"2025-12-14T00:40:28","slug":"lagen-har-inte-hangt-med","status":"publish","type":"post","link":"https:\/\/www.europesays.com\/se\/105162\/","title":{"rendered":"\u201dLagen har inte h\u00e4ngt med\u201d"},"content":{"rendered":"<p>Justitieminister Gunnar Str\u00f6mmer (M) \u00f6ppnar f\u00f6r att sk\u00e4rpa lagstiftningen f\u00f6r att stoppa f\u00f6retag fr\u00e5n att s\u00e4lja sexdockor som liknar barn. Det s\u00e4ger han till TV4 Nyheterna.<\/p>\n<p>\u2013 I det korta loppet handlar det om att med tydligare instruktioner och ordentligt st\u00f6d till polisen flytta fram positionerna, till exempel genom att jobba med sp\u00e4rrlistor.<\/p>\n<p>Uttalandet kommer efter att Str\u00f6mmer p\u00e5 torsdagen tr\u00e4ffade flera organisationer som protesterat mot \u00f6vergrepp mot barn p\u00e5 internet. Organisationerna vill bland annat se ett stopp f\u00f6r f\u00f6rs\u00e4ljningen av barnlika sexdockor.<\/p>\n<p>Str\u00f6mmer s\u00e4ger att lagstiftningen p\u00e5 omr\u00e5det inte har h\u00e4ngt med och att det \u00e4r \u201dett av samh\u00e4llets p\u00e5g\u00e5ende st\u00f6rsta misslyckanden\u201d.<\/p>\n<p>Omni \u00e4r politiskt obundna och oberoende. Vi str\u00e4var efter att ge fler perspektiv p\u00e5 nyheterna. Har du fr\u00e5gor eller synpunkter kring v\u00e5r rapportering? <a href=\"https:\/\/omni.se\/strommer-om-sexdockorna-lagen-har-inte-hangt-med\/a\/mailto:redaktion@omni.se\" class=\"ArticleActions_contactLink__W2F1M\" rel=\"nofollow noopener\" target=\"_blank\">Kontakta redaktionen<\/a><\/p>\n","protected":false},"excerpt":{"rendered":"Justitieminister Gunnar Str\u00f6mmer (M) \u00f6ppnar f\u00f6r att sk\u00e4rpa lagstiftningen f\u00f6r att stoppa f\u00f6retag fr\u00e5n att s\u00e4lja sexdockor som&hellip;\n","protected":false},"author":2,"featured_media":105163,"comment_status":"","ping_status":"","sticky":false,"template":"","format":"standard","meta":{"footnotes":""},"categories":[14],"tags":[223,22,23,26,27,2613,17,21,1558,24,25,28,29,551,15,16,369,18,34,31,33,32,30,19,20,51,52,53,54],"class_list":{"0":"post-105162","1":"post","2":"type-post","3":"status-publish","4":"format-standard","5":"has-post-thumbnail","7":"category-varlden","8":"tag-barn-unga","9":"tag-breaking-news","10":"tag-breakingnews","11":"tag-featured-news","12":"tag-featurednews","13":"tag-gunnar-strommer","14":"tag-headlines","15":"tag-huvudnyheter","16":"tag-kriminalpolitik","17":"tag-latest-news","18":"tag-latestnews","19":"tag-main-news","20":"tag-mainnews","21":"tag-moderaterna","22":"tag-news","23":"tag-nyheter","24":"tag-politik","25":"tag-rubriker","26":"tag-se","27":"tag-svenska","28":"tag-sverige","29":"tag-sweden","30":"tag-swedish","31":"tag-top-stories","32":"tag-topstories","33":"tag-varlden","34":"tag-world","35":"tag-world-news","36":"tag-worldnews"},"share_on_mastodon":{"url":"https:\/\/pubeurope.com\/@se\/115715140786475421","error":""},"_links":{"self":[{"href":"https:\/\/www.europesays.com\/se\/wp-json\/wp\/v2\/posts\/105162","targetHints":{"allow":["GET"]}}],"collection":[{"href":"https:\/\/www.europesays.com\/se\/wp-json\/wp\/v2\/posts"}],"about":[{"href":"https:\/\/www.europesays.com\/se\/wp-json\/wp\/v2\/types\/post"}],"author":[{"embeddable":true,"href":"https:\/\/www.europesays.com\/se\/wp-json\/wp\/v2\/users\/2"}],"replies":[{"embeddable":true,"href":"https:\/\/www.europesays.com\/se\/wp-json\/wp\/v2\/comments?post=105162"}],"version-history":[{"count":0,"href":"https:\/\/www.europesays.com\/se\/wp-json\/wp\/v2\/posts\/105162\/revisions"}],"wp:featuredmedia":[{"embeddable":true,"href":"https:\/\/www.europesays.com\/se\/wp-json\/wp\/v2\/media\/105163"}],"wp:attachment":[{"href":"https:\/\/www.europesays.com\/se\/wp-json\/wp\/v2\/media?parent=105162"}],"wp:term":[{"taxonomy":"category","embeddable":true,"href":"https:\/\/www.europesays.com\/se\/wp-json\/wp\/v2\/categories?post=105162"},{"taxonomy":"post_tag","embeddable":true,"href":"https:\/\/www.europesays.com\/se\/wp-json\/wp\/v2\/tags?post=105162"}],"curies":[{"name":"wp","href":"https:\/\/api.w.org\/{rel}","templated":true}]}}