{"id":105171,"date":"2025-12-14T00:48:41","date_gmt":"2025-12-14T00:48:41","guid":{"rendered":"https:\/\/www.europesays.com\/se\/105171\/"},"modified":"2025-12-14T00:48:41","modified_gmt":"2025-12-14T00:48:41","slug":"uppdrag-till-jamstalldhetsmyndigheten-att-genomfora-kunskapshojande-insatser-om-hur-flickor-och-unga-kvinnor-paverkas-av-anvandning-av-sociala-medier-ur-ett-jamstalldhetsperspektiv","status":"publish","type":"post","link":"https:\/\/www.europesays.com\/se\/105171\/","title":{"rendered":"Uppdrag till J\u00e4mst\u00e4lldhetsmyndigheten att genomf\u00f6ra kunskapsh\u00f6jande insatser om hur flickor och unga kvinnor p\u00e5verkas av anv\u00e4ndning av sociala medier ur ett j\u00e4mst\u00e4lldhetsperspektiv"},"content":{"rendered":"<p>Unders\u00f6kningen ska ske genom l\u00e4mpliga metoder, exempelvis genom enk\u00e4ter och\/eller via intervjuer om hur inneh\u00e5ll och den digitala medieanv\u00e4ndningen p\u00e5verkar deras normer och v\u00e4rderingar r\u00f6rande livsstil, f\u00f6rv\u00e4ntningar, livs- och yrkesval samt kroppsideal och utseende. I uppdragets genomf\u00f6rande ska myndigheten anv\u00e4nda sina upparbetade kanaler f\u00f6r att sprida resultatet av unders\u00f6kningen.<\/p>\n<p>J\u00e4mst\u00e4lldhetsmyndigheten ska n\u00e4r uppdraget utf\u00f6rs inh\u00e4mta fakta om vad unga kvinnor respektive m\u00e4n ser p\u00e5 i sociala medier och kunskaper om hur unga p\u00e5verkas av sitt anv\u00e4ndande av sociala medier fr\u00e5n Folkh\u00e4lsomyndigheten och Mediemyndigheten. J\u00e4mst\u00e4lldhetsmyndigheten ska i sitt arbete beakta relevanta delar av regeringsuppdraget till Myndigheten f\u00f6r ungdoms- och civilsamh\u00e4llesfr\u00e5gor (MUCF) att sammanst\u00e4lla kunskap om pojkars och unga m\u00e4ns j\u00e4mst\u00e4lldhetsutmaningar (A2025\/00636). Relevanta delar av uppdraget kan exempelvis vara hur pojkars och unga m\u00e4ns j\u00e4mst\u00e4lldhetsutmaningar p\u00e5verkas av digitala milj\u00f6er.<\/p>\n<p>Uppdraget ska slutredovisas senast den 15 december 2027.<\/p>\n","protected":false},"excerpt":{"rendered":"Unders\u00f6kningen ska ske genom l\u00e4mpliga metoder, exempelvis genom enk\u00e4ter och\/eller via intervjuer om hur inneh\u00e5ll och den digitala&hellip;\n","protected":false},"author":2,"featured_media":67452,"comment_status":"","ping_status":"","sticky":false,"template":"","format":"standard","meta":{"footnotes":""},"categories":[14],"tags":[22,23,26,27,17,21,24,25,28,29,15,16,18,34,31,33,32,30,19,20,51,52,53,54],"class_list":{"0":"post-105171","1":"post","2":"type-post","3":"status-publish","4":"format-standard","5":"has-post-thumbnail","7":"category-varlden","8":"tag-breaking-news","9":"tag-breakingnews","10":"tag-featured-news","11":"tag-featurednews","12":"tag-headlines","13":"tag-huvudnyheter","14":"tag-latest-news","15":"tag-latestnews","16":"tag-main-news","17":"tag-mainnews","18":"tag-news","19":"tag-nyheter","20":"tag-rubriker","21":"tag-se","22":"tag-svenska","23":"tag-sverige","24":"tag-sweden","25":"tag-swedish","26":"tag-top-stories","27":"tag-topstories","28":"tag-varlden","29":"tag-world","30":"tag-world-news","31":"tag-worldnews"},"share_on_mastodon":{"url":"https:\/\/pubeurope.com\/@se\/115715172263335847","error":""},"_links":{"self":[{"href":"https:\/\/www.europesays.com\/se\/wp-json\/wp\/v2\/posts\/105171","targetHints":{"allow":["GET"]}}],"collection":[{"href":"https:\/\/www.europesays.com\/se\/wp-json\/wp\/v2\/posts"}],"about":[{"href":"https:\/\/www.europesays.com\/se\/wp-json\/wp\/v2\/types\/post"}],"author":[{"embeddable":true,"href":"https:\/\/www.europesays.com\/se\/wp-json\/wp\/v2\/users\/2"}],"replies":[{"embeddable":true,"href":"https:\/\/www.europesays.com\/se\/wp-json\/wp\/v2\/comments?post=105171"}],"version-history":[{"count":0,"href":"https:\/\/www.europesays.com\/se\/wp-json\/wp\/v2\/posts\/105171\/revisions"}],"wp:featuredmedia":[{"embeddable":true,"href":"https:\/\/www.europesays.com\/se\/wp-json\/wp\/v2\/media\/67452"}],"wp:attachment":[{"href":"https:\/\/www.europesays.com\/se\/wp-json\/wp\/v2\/media?parent=105171"}],"wp:term":[{"taxonomy":"category","embeddable":true,"href":"https:\/\/www.europesays.com\/se\/wp-json\/wp\/v2\/categories?post=105171"},{"taxonomy":"post_tag","embeddable":true,"href":"https:\/\/www.europesays.com\/se\/wp-json\/wp\/v2\/tags?post=105171"}],"curies":[{"name":"wp","href":"https:\/\/api.w.org\/{rel}","templated":true}]}}