{"id":105180,"date":"2025-12-14T00:57:29","date_gmt":"2025-12-14T00:57:29","guid":{"rendered":"https:\/\/www.europesays.com\/se\/105180\/"},"modified":"2025-12-14T00:57:29","modified_gmt":"2025-12-14T00:57:29","slug":"trump-trott-pa-moten-efter-zelenskyjs-kritik-mot-en-ekonomisk-zon","status":"publish","type":"post","link":"https:\/\/www.europesays.com\/se\/105180\/","title":{"rendered":"Trump \u201dtr\u00f6tt p\u00e5 m\u00f6ten\u201d \u2013 efter Zelenskyjs kritik mot en \u201dekonomisk zon\u201d"},"content":{"rendered":"<p>USA har f\u00f6reslagit att delar av Donbas, som Ryssland vill att Ukraina l\u00e4mnar ifr\u00e5n sig som en del av en fredsplan, g\u00f6rs om till en \u201cfri ekonomisk zon\u201d. Det sa president Volodymyr Zelenskyj i\u202fg\u00e5r.<\/p>\n<p>Kompromissf\u00f6rslaget fr\u00e5n USA:s sida ifr\u00e5gasattes av Zelenskyj, skriver CNN.<\/p>\n<p>\u2013 Vem som ska styra det h\u00e4r omr\u00e5det \u2013 som de kallar en \u2018fri ekonomisk zon\u2019 eller en \u2018demilitariserad zon\u2019 \u2013 det vet de inte.<\/p>\n<p>Enligt The Independent har Zelenskyjs avf\u00e4rdande uppr\u00f6rt Donald Trump. Vita husets pressekreterare Karoline Leavitt sa p\u00e5 torsdagskv\u00e4llen att presidenten \u00e4r \u201dtr\u00f6tt p\u00e5 att ha m\u00f6ten f\u00f6r m\u00f6tenas skull\u201d. Hon tillade att USA kommer att skicka representanter att tr\u00e4ffa europeiska och ukrainska f\u00f6retr\u00e4dare i helgen om det k\u00e4nns som att det \u00e4r \u201dv\u00e4rt det\u201d.<\/p>\n<p>\u2013 Administrationen har lagt mer \u00e4n 30 timmar p\u00e5 det h\u00e4r bara de senaste veckorna.<\/p>\n<p>Omni \u00e4r politiskt obundna och oberoende. Vi str\u00e4var efter att ge fler perspektiv p\u00e5 nyheterna. Har du fr\u00e5gor eller synpunkter kring v\u00e5r rapportering? <a href=\"https:\/\/omni.se\/trump-trott-pa-moten-efter-zelenskyjs-kritik-mot-en-ekonomisk-zon\/a\/mailto:redaktion@omni.se\" class=\"ArticleActions_contactLink__W2F1M\" rel=\"nofollow noopener\" target=\"_blank\">Kontakta redaktionen<\/a><\/p>\n","protected":false},"excerpt":{"rendered":"USA har f\u00f6reslagit att delar av Donbas, som Ryssland vill att Ukraina l\u00e4mnar ifr\u00e5n sig som en del&hellip;\n","protected":false},"author":2,"featured_media":105181,"comment_status":"","ping_status":"","sticky":false,"template":"","format":"standard","meta":{"footnotes":""},"categories":[14],"tags":[22,23,385,267,26,27,17,21,24,25,28,29,15,268,16,18,269,264,34,31,33,32,30,19,20,386,263,74,51,262,52,53,54],"class_list":{"0":"post-105180","1":"post","2":"type-post","3":"status-publish","4":"format-standard","5":"has-post-thumbnail","7":"category-varlden","8":"tag-breaking-news","9":"tag-breakingnews","10":"tag-donald-trump","11":"tag-europa","12":"tag-featured-news","13":"tag-featurednews","14":"tag-headlines","15":"tag-huvudnyheter","16":"tag-latest-news","17":"tag-latestnews","18":"tag-main-news","19":"tag-mainnews","20":"tag-news","21":"tag-nordamerika","22":"tag-nyheter","23":"tag-rubriker","24":"tag-ryska-invasionen","25":"tag-ryssland","26":"tag-se","27":"tag-svenska","28":"tag-sverige","29":"tag-sweden","30":"tag-swedish","31":"tag-top-stories","32":"tag-topstories","33":"tag-trumps-usa","34":"tag-ukraina","35":"tag-usa","36":"tag-varlden","37":"tag-volodymyr-zelenskyj","38":"tag-world","39":"tag-world-news","40":"tag-worldnews"},"share_on_mastodon":{"url":"https:\/\/pubeurope.com\/@se\/115715207576990798","error":""},"_links":{"self":[{"href":"https:\/\/www.europesays.com\/se\/wp-json\/wp\/v2\/posts\/105180","targetHints":{"allow":["GET"]}}],"collection":[{"href":"https:\/\/www.europesays.com\/se\/wp-json\/wp\/v2\/posts"}],"about":[{"href":"https:\/\/www.europesays.com\/se\/wp-json\/wp\/v2\/types\/post"}],"author":[{"embeddable":true,"href":"https:\/\/www.europesays.com\/se\/wp-json\/wp\/v2\/users\/2"}],"replies":[{"embeddable":true,"href":"https:\/\/www.europesays.com\/se\/wp-json\/wp\/v2\/comments?post=105180"}],"version-history":[{"count":0,"href":"https:\/\/www.europesays.com\/se\/wp-json\/wp\/v2\/posts\/105180\/revisions"}],"wp:featuredmedia":[{"embeddable":true,"href":"https:\/\/www.europesays.com\/se\/wp-json\/wp\/v2\/media\/105181"}],"wp:attachment":[{"href":"https:\/\/www.europesays.com\/se\/wp-json\/wp\/v2\/media?parent=105180"}],"wp:term":[{"taxonomy":"category","embeddable":true,"href":"https:\/\/www.europesays.com\/se\/wp-json\/wp\/v2\/categories?post=105180"},{"taxonomy":"post_tag","embeddable":true,"href":"https:\/\/www.europesays.com\/se\/wp-json\/wp\/v2\/tags?post=105180"}],"curies":[{"name":"wp","href":"https:\/\/api.w.org\/{rel}","templated":true}]}}