{"id":105182,"date":"2025-12-14T00:59:02","date_gmt":"2025-12-14T00:59:02","guid":{"rendered":"https:\/\/www.europesays.com\/se\/105182\/"},"modified":"2025-12-14T00:59:02","modified_gmt":"2025-12-14T00:59:02","slug":"placera-nya-myndigheten-i-goteborg","status":"publish","type":"post","link":"https:\/\/www.europesays.com\/se\/105182\/","title":{"rendered":"Placera nya myndigheten i G\u00f6teborg"},"content":{"rendered":"<p>Regeringens ambition att reformera milj\u00f6pr\u00f6vningar och tillst\u00e5ndsprocesser \u00e4r v\u00e4lkommen. I dag vittnar f\u00f6retag i hela landet om processer som \u00e4r utdragna och sv\u00e5ra att f\u00f6rutse, och som d\u00e4rmed bromsar investeringar i klimatomst\u00e4llning, ny infrastruktur och gr\u00f6n industri.<\/p>\n<p>Att inr\u00e4tta en ny milj\u00f6pr\u00f6vningsmyndighet kan bli ett viktigt steg, men bara om den f\u00e5r r\u00e4tt instruktioner. Den m\u00e5ste ges ett tydligt mandat att samordna mellan instanser, ge tidsatta besked och fungera som en guide \u2013 inte grindvakt.<\/p>\n<p>Placeringen \u00e4r avg\u00f6rande<\/p>\n<p>F\u00f6rutom uppdrag och former har lokaliseringen av myndigheten betydelse. En ny myndighet b\u00f6r placeras d\u00e4r den har goda f\u00f6ruts\u00e4ttningar att rekrytera, utveckla arbetsformer och l\u00e4ra av dem som faktiskt genomf\u00f6r omst\u00e4llningen.<\/p>\n<blockquote class=\"quote right\"><p>&#13;<\/p>\n<p>Att en betydande andel av landets kemiingenj\u00f6rer examineras i G\u00f6teborg \u00e4r inte en detalj utan en strategisk resurs<\/p>\n<p>&#13;<br \/>\n  <b\/>&#13;\n<\/p><\/blockquote>\n<p>V\u00e4stsverige \u2013 med G\u00f6teborg som nav \u2013 erbjuder just ett s\u00e5dant sammanhang. H\u00e4r finns en t\u00e4t arbetsmarknadsregion med \u00f6ver 1,6 miljoner inv\u00e5nare, stor r\u00f6rlighet mellan kommunerna och ett n\u00e4ringsliv som driver flera av Sveriges mest avancerade klimat- och industrisatsningar.<\/p>\n<p>I \u00f6vrigt \u00e4r kompetensbasen bred: jurister, milj\u00f6experter, ingenj\u00f6rer, samh\u00e4llsvetare, IT-specialister och digitala utvecklare arbetar sida vid sida i b\u00e5de offentlig sektor och f\u00f6retag.<\/p>\n<p>H\u00e4r finns r\u00e4tt resurser<\/p>\n<p>L\u00e4nsstyrelsen, V\u00e4stra G\u00f6talandsregionen och G\u00f6teborgs stad hanterar stora och varierade \u00e4renden, vilket ger en stabil grund av praktisk myndighetserfarenhet \u2013 l\u00e4nsstyrelsen arbetar med att balansera utvecklingsbehov och milj\u00f6bevarande\u00a0\u2013 som kan vara ett embryo f\u00f6r verksamheten.<\/p>\n<p>Akademin f\u00f6rst\u00e4rker detta ytterligare. Chalmers och G\u00f6teborgs universitet \u2013 tillsammans med \u00f6vriga l\u00e4ros\u00e4ten i v\u00e4st \u2013 utbildar tusentals studenter inom juridik, milj\u00f6vetenskap, kemiteknik, informationss\u00e4kerhet och samh\u00e4llsanalys, allts\u00e5 precis de omr\u00e5den en modern pr\u00f6vningsmyndighet beh\u00f6ver.<\/p>\n<p>Att en betydande andel av landets kemiingenj\u00f6rer examineras i G\u00f6teborg \u00e4r inte en detalj utan en strategisk resurs. N\u00e4stan h\u00e4lften av alla med kemiteknik som generell examina studerade vid Chalmers f\u00f6rra \u00e5ret. En femtedel av alla kemiingenj\u00f6rer examinerades vid Chalmers 2024 och \u00f6ver de senaste \u00e5ren \u00e4r det regelbundet fler examinerade \u00e4n vid KTH.<\/p>\n<p>\u00d6kad f\u00f6rst\u00e5else f\u00f6r varandras villkor<\/p>\n<p>Med en statlig myndighet p\u00e5 plats skapas en naturlig bro mellan forskning, n\u00e4ringsliv och f\u00f6rvaltning, och unga akademiker f\u00e5r m\u00f6jlighet att bidra till statlig verksamhet utan att l\u00e4mna regionen.<\/p>\n<p>Till det kan man addera n\u00e4ringslivet som har ett stort antal medarbetare med relevant utbildning och erfarenhet. G\u00f6teborg och V\u00e4stsverige kan erbjuda tillg\u00e5ng till ett varierat n\u00e4ringsliv som kan st\u00e4rka den nya myndighetens uppdrag genom att dela kompetenspool.<\/p>\n<p>Ett f\u00f6renklat och d\u00e4rmed \u00f6kat personalutbyte mellan regionens breda n\u00e4ringsliv och myndigheten skulle ge st\u00f6rre f\u00f6rst\u00e5else f\u00f6r varandras villkor och f\u00f6rst\u00e4rka b\u00e5de industrins och myndighetens kompetens.<\/p>\n<p>Ett kluster f\u00f6r samverkan<\/p>\n<p>Erfarenheter fr\u00e5n tidigare omlokaliseringar visar dessutom att myndigheter som byter arbetsmarknadsregion kan vinna nya perspektiv och st\u00e4rka sin f\u00f6r\u00e4ndringsf\u00f6rm\u00e5ga.<\/p>\n<blockquote class=\"quote right\"><p>&#13;<\/p>\n<p>Om man menar allvar med statlig n\u00e4rvaro i hela landet m\u00e5ste \u00e4ven kvalificerade statliga jobb finnas utanf\u00f6r huvudstaden<\/p>\n<p>&#13;<br \/>\n  <b\/>&#13;\n<\/p><\/blockquote>\n<p>Det handlar inte om att sprida kontor som kompensation, utan om att bygga kluster d\u00e4r statlig expertis m\u00f6ter regional spets f\u00f6r att st\u00e4rka varandra. En milj\u00f6pr\u00f6vningsmyndighet i V\u00e4stsverige skulle placeras mitt i den industriella verklighet den ska f\u00f6rst\u00e5 och st\u00f6dja.<\/p>\n<p>Statlig n\u00e4rvaro utanf\u00f6r Stockholm<\/p>\n<p>Till sist finns ocks\u00e5 en principiell po\u00e4ng. Om man menar allvar med statlig n\u00e4rvaro i hela landet m\u00e5ste \u00e4ven kvalificerade statliga jobb finnas utanf\u00f6r huvudstaden.<\/p>\n<p>I Stockholmsregionen sitter ledningsgrupperna f\u00f6r \u00f6ver ett hundratal statliga myndigheter; i G\u00f6teborg, landets n\u00e4st st\u00f6rsta stad, bara en dryg handfull.<\/p>\n<p>Det \u00e4r en obalans som varken st\u00e4rker staten eller Sverige som samh\u00e4lle eller landets konkurrenskraft.<\/p>\n<p>En v\u00e4stsvensk placering av den nya milj\u00f6pr\u00f6vningsmyndigheten skulle b\u00f6rja r\u00e4tta till obalansen och samtidigt placera myndigheten i en region som st\u00e4ller om.<\/p>\n","protected":false},"excerpt":{"rendered":"Regeringens ambition att reformera milj\u00f6pr\u00f6vningar och tillst\u00e5ndsprocesser \u00e4r v\u00e4lkommen. I dag vittnar f\u00f6retag i hela landet om processer&hellip;\n","protected":false},"author":2,"featured_media":105183,"comment_status":"","ping_status":"","sticky":false,"template":"","format":"standard","meta":{"footnotes":""},"categories":[12],"tags":[22,23,26,27,17,21,24,25,28,29,15,16,18,34,31,33,32,30,19,20],"class_list":{"0":"post-105182","1":"post","2":"type-post","3":"status-publish","4":"format-standard","5":"has-post-thumbnail","7":"category-sverige","8":"tag-breaking-news","9":"tag-breakingnews","10":"tag-featured-news","11":"tag-featurednews","12":"tag-headlines","13":"tag-huvudnyheter","14":"tag-latest-news","15":"tag-latestnews","16":"tag-main-news","17":"tag-mainnews","18":"tag-news","19":"tag-nyheter","20":"tag-rubriker","21":"tag-se","22":"tag-svenska","23":"tag-sverige","24":"tag-sweden","25":"tag-swedish","26":"tag-top-stories","27":"tag-topstories"},"share_on_mastodon":{"url":"https:\/\/pubeurope.com\/@se\/115715215485808389","error":""},"_links":{"self":[{"href":"https:\/\/www.europesays.com\/se\/wp-json\/wp\/v2\/posts\/105182","targetHints":{"allow":["GET"]}}],"collection":[{"href":"https:\/\/www.europesays.com\/se\/wp-json\/wp\/v2\/posts"}],"about":[{"href":"https:\/\/www.europesays.com\/se\/wp-json\/wp\/v2\/types\/post"}],"author":[{"embeddable":true,"href":"https:\/\/www.europesays.com\/se\/wp-json\/wp\/v2\/users\/2"}],"replies":[{"embeddable":true,"href":"https:\/\/www.europesays.com\/se\/wp-json\/wp\/v2\/comments?post=105182"}],"version-history":[{"count":0,"href":"https:\/\/www.europesays.com\/se\/wp-json\/wp\/v2\/posts\/105182\/revisions"}],"wp:featuredmedia":[{"embeddable":true,"href":"https:\/\/www.europesays.com\/se\/wp-json\/wp\/v2\/media\/105183"}],"wp:attachment":[{"href":"https:\/\/www.europesays.com\/se\/wp-json\/wp\/v2\/media?parent=105182"}],"wp:term":[{"taxonomy":"category","embeddable":true,"href":"https:\/\/www.europesays.com\/se\/wp-json\/wp\/v2\/categories?post=105182"},{"taxonomy":"post_tag","embeddable":true,"href":"https:\/\/www.europesays.com\/se\/wp-json\/wp\/v2\/tags?post=105182"}],"curies":[{"name":"wp","href":"https:\/\/api.w.org\/{rel}","templated":true}]}}