{"id":105188,"date":"2025-12-14T01:07:36","date_gmt":"2025-12-14T01:07:36","guid":{"rendered":"https:\/\/www.europesays.com\/se\/105188\/"},"modified":"2025-12-14T01:07:36","modified_gmt":"2025-12-14T01:07:36","slug":"forsta-kvinnan-ny-vision-takaichis-utrikespolitik","status":"publish","type":"post","link":"https:\/\/www.europesays.com\/se\/105188\/","title":{"rendered":"F\u00f6rsta kvinnan, ny vision: Takaichis utrikespolitik"},"content":{"rendered":"<p>P\u00e5 drygt en m\u00e5nad har Sanae Takaichi gjort klart att hon inte bara kommer att f\u00f6rsvara status quo\u00a0\u2013 hon vill r\u00e4dda ett Japan som nu st\u00e5r mellan en aggressiv supermakt i \u00f6st och en of\u00f6ruts\u00e4gbar allierad i v\u00e4st. Hur stort inflytande den nya premi\u00e4rministerns linje faktiskt kommer att ha p\u00e5 Japan \u00e5terst\u00e5r att se\u00a0\u2013 men det \u00e4r tydligt att hon f\u00f6r landet i en ny riktning.<\/p>\n<p><strong>Kina pressar \u2013 och Japan flyttar sina gr\u00e4nser<\/strong><\/p>\n<p>Den geopolitiska bakgrunden \u00e4r b\u00e5de enkel och dramatisk: regeringen i Peking har aldrig varit mer sj\u00e4lvs\u00e4ker. Det st\u00e4ndigt \u00f6kande trycket kring Taiwan, med kinesisk patrullering i \u00d6stkinesiska havet och h\u00e5rd retorik, har lett till \u00f6kad sp\u00e4nning i regionen och oro bland USA:s allierade. F\u00f6r Japan, som ligger n\u00e5gra tiotals mil bort och med en stor del av sin handel och energif\u00f6rs\u00f6rjning via omr\u00e5det, inneb\u00e4r detta en risk p\u00e5 liv och d\u00f6d. I \u00e5rtionden har japanska ledare f\u00f6rs\u00f6kt hitta en balans: att kritisera Kina diplomatiskt, men undvika att dra h\u00e5rda gr\u00e4nser. Sanae Takaichi, som representerar det statsb\u00e4rande Liberaldemokratiska partiet (LDP) och l\u00e4nge har beskrivits som en h\u00f6k gentemot Kina, bryter med denna linje.<\/p>\n<p>Takaichi har upprepade g\u00e5nger f\u00f6respr\u00e5kat s\u00e4kerhetssamarbete med Taiwan\u00a0\u2013 och bara n\u00e5gra timmar efter hennes seger <a href=\"https:\/\/jen.jiji.com\/jc\/eng?g=eco&amp;k=2025100400473\" rel=\"nofollow noopener\" target=\"_blank\">gratulerade<\/a> \u00f6ns president Lai Ching-te henne som en \u201dtrofast v\u00e4n till Taiwan\u201d. Redan under sin andra m\u00e5nad som premi\u00e4rminister <a href=\"https:\/\/www.politico.com\/news\/2025\/11\/10\/japan-and-china-exchange-barbs-after-prime-ministers-remarks-over-taiwan-00646150\" rel=\"nofollow noopener\" target=\"_blank\">sa<\/a>de hon att en eventuell kinesisk attack mot Taiwan skulle utg\u00f6ra ett hot mot Japans existens.<\/p>\n<p>Kommentaren <a href=\"https:\/\/koreajoongangdaily.joins.com\/news\/2025-11-11\/national\/diplomacy\/Takaichi-faces-backlash-after-suggesting-Japan-would-exercise-selfdefense-in-a-Taiwan-contingency-\/2442023\" rel=\"nofollow noopener\" target=\"_blank\">antydde<\/a> att Japans f\u00f6rsvarsstyrkor skulle kunna ingripa milit\u00e4rt i ett s\u00e5dant fall\u00a0\u2013 n\u00e5got som skapade politiska svallv\u00e5gor b\u00e5de hemma och internationellt. Uttalandet br\u00f6t med tidigare premi\u00e4rministrars f\u00f6rsiktiga h\u00e5llning som undvek att koppla Taiwan direkt till Japans f\u00f6rsvarspolitik. Detta \u00e4r en dramatisk f\u00f6r\u00e4ndring, inte bara f\u00f6r Japan utan f\u00f6r hela \u00d6stasien. Om Japan faktiskt ingriper kommer stora delar av regionen att dras in.<\/p>\n<p><img decoding=\"async\" src=\"https:\/\/www.europesays.com\/se\/wp-content\/uploads\/2025\/12\/imageujmet.png\" alt=\"imageujmet.png\"\/>Takaichis kommentarer om Kina och Taiwan har v\u00e4ckt en del kritik. Protest utanf\u00f6r premi\u00e4rministerns kansli i Tokyo i november 2025. Foto: Louise Delmotte\/AP\/TT<\/p>\n<p>Hennes kommentar v\u00e4ckte stark kritik fr\u00e5n Peking. Kinas generalkonsul i Osaka anv\u00e4nde starka ord i ett inl\u00e4gg p\u00e5 X och skrev att man borde \u201dsk\u00e4ra av den smutsiga halsen som utan tvekan har kastat sig \u00f6ver oss\u201d\u00a0\u2013 en tydlig uppmaning till vederg\u00e4llning mot Japan. F\u00f6r att lugna situationen skickade regeringen i Tokyo ett h\u00f6gt uppsatt s\u00e4ndebud f\u00f6r att f\u00f6rs\u00e4kra Kina om att Japans st\u00e5ndpunkt f\u00f6rblir of\u00f6r\u00e4ndrad och f\u00f6r att f\u00f6rhindra att relationerna f\u00f6rs\u00e4mras ytterligare.<\/p>\n<p>S\u00e5dana f\u00f6rs\u00f6k att sl\u00e4cka elden visar hur k\u00e4nsliga de historiska sp\u00e4nningarna mellan Kina och Japan fortfarande \u00e4r. Kinas press kan ocks\u00e5 tolkas som ett varningsskott\u00a0\u2013 b\u00e5de f\u00f6r att hindra Takaichi fr\u00e5n att spela p\u00e5 nationalistiska st\u00e4mningar p\u00e5 hemmaplan och f\u00f6r att signalera att hon b\u00f6r h\u00e5lla sig borta fr\u00e5n Taiwanfr\u00e5gan.<\/p>\n<p>I linje med detta har Peking uttryckt f\u00f6rhoppningar om att Sanae Takaichi ska ha en <a href=\"https:\/\/japantoday.com\/category\/politics\/japan-pm-says-raised-&#039;serious-concerns&#039;-with-xi-on-south-china-sea-xinjiang1\" rel=\"nofollow noopener\" target=\"_blank\">\u201dkorrekt f\u00f6rst\u00e5else\u201d<\/a> av Kina, vilket kan tolkas som ett f\u00f6rs\u00f6k att s\u00e4tta tryck p\u00e5 Japan i historiska och territoriella fr\u00e5gor. Takaichi har bekr\u00e4ftat att Japan st\u00e5r fast vid tidigare uttalanden\u00a0\u2013 d\u00e4ribland ett som <a href=\"https:\/\/mainichi.jp\/english\/articles\/20251004\/p2g\/00m\/0in\/029000c\" rel=\"nofollow noopener\" target=\"_blank\">erk\u00e4nner<\/a> Peking som Kinas enda legitima regering.<\/p>\n<p>Samtidigt inneb\u00e4r den nya premi\u00e4rministerns politik att USA inte l\u00e4ngre st\u00e5r ensamt som avskr\u00e4ckande faktor mot en eventuell invasion av Taiwan. Peking kommer sannolikt att bevaka noga om Takaichis ord f\u00f6ljs upp med konkreta \u00e5tg\u00e4rder, medan Tokyo kommer att f\u00f6rs\u00f6ka balansera formella \u00e5taganden med informell samordning med b\u00e5de Taiwan och Washington. F\u00f6r Kina verkar hon vara b\u00e5de en strategisk utmaning och en oundviklig samtalspartner\u00a0\u2013 ett tecken p\u00e5 att \u00d6stasiens framtid i stor utstr\u00e4ckning kan komma att bero p\u00e5 hur de tv\u00e5 l\u00e4nderna hanterar Taiwanfr\u00e5gan.<\/p>\n<p><img decoding=\"async\" src=\"https:\/\/www.europesays.com\/se\/wp-content\/uploads\/2025\/12\/imageoeyw.png\" alt=\"imageoeyw.png\"\/>Sp\u00e4nt grannskap. Ett kinesiskt stridsplan flyger mycket n\u00e4ra ett japanskt spaningsplan, varifr\u00e5n bilden uppges vara tagen, \u00f6ver \u00d6stkinesiska havet i juni 2025. Foto: Japans f\u00f6rsvarsdepartement via AP\/TT<\/p>\n<p><strong>Ett op\u00e5litligt USA<\/strong><\/p>\n<p>Samtidigt \u00e4r relationerna med USA mer komplicerade \u00e4n p\u00e5 l\u00e4nge. Under normala omst\u00e4ndigheter skulle Japan kunna lita p\u00e5 att Washington st\u00e5r fast vid sina f\u00f6rsvars\u00e5taganden, men under Donald Trump \u00e4r alliansen l\u00e5ngt ifr\u00e5n f\u00f6ruts\u00e4gbar. Trump har tidigare ifr\u00e5gasatt v\u00e4rdet av asiatiska allianser, kr\u00e4vt st\u00f6rre ekonomiska bidrag till f\u00f6rsvar och vill s\u00e4kerst\u00e4lla att han f\u00e5r n\u00e5gonting tillbaka i s\u00e4kerhetspolitiken. F\u00f6r Japan\u00a0\u2013 som \u00e4r helt beroende av amerikanska styrkor f\u00f6r sitt f\u00f6rsvar\u00a0\u2013 skapar detta en grundl\u00e4ggande os\u00e4kerhet.<\/p>\n<p>Under sitt f\u00f6rsta toppm\u00f6te med Trump\u00a0\u2013 vilket i Japan <a href=\"https:\/\/www.japantimes.co.jp\/news\/2025\/10\/29\/japan\/politics\/trump-takaichi-summit-analysis\/\" rel=\"nofollow noopener\" target=\"_blank\">beskrevs<\/a> som \u201dn\u00e4stan perfekt\u201d\u00a0\u2013 visade Sanae Takaichi tydligt sin \u00f6nskan att bygga upp goda relationer mellan de tv\u00e5 l\u00e4nderna. I det guldpl\u00e4terade mottagningsrummet i Tokyo stod premi\u00e4rministern sida vid sida med den amerikanske presidenten. De <a href=\"https:\/\/japannews.yomiuri.co.jp\/politics\/politics-government\/20251102-290462\/\" rel=\"nofollow noopener\" target=\"_blank\">kallade<\/a> varandra \u201dSanae\u201d och \u201dDonald\u201d\u00a0\u2013 en ovanlig ton i japansk diplomati. Med b\u00e5de symbolik och strategi i \u00e5tanke v\u00e4lkomnade hon Trump till Akasaka-palatset\u00a0\u2013 samma plats d\u00e4r hennes mentor, den m\u00f6rdade Shinzo Abe, hade tr\u00e4ffat honom f\u00f6r m\u00e5nga \u00e5r sedan. Abe hade byggt upp en n\u00e4ra relation med Trump\u00a0\u2013 och var k\u00e4nd som \u201dTrump-viskaren\u201d\u00a0\u2013 och allt tyder p\u00e5 att Takaichi vill ta \u00f6ver denna roll.<\/p>\n<p>Ut\u00f6ver symboliken gav toppm\u00f6tet ocks\u00e5 konkreta resultat. Sanae Takaichi presenterade regeringens plan att \u00f6ka f\u00f6rsvarsbudgeten till 2\u00a0procent f\u00f6re \u00e5rets slut\u00a0\u2013 och betonade att regeringen arbetar med att revidera Japans s\u00e4kerhetsstrategi. Detta signalerar en tv\u00e5delad strategi: \u00e5 ena sidan att st\u00e4rka det japanska bidraget till alliansen med USA, \u00e5 andra sidan att f\u00f6rb\u00e4ttra landets egen f\u00f6rsvarskapacitet. Regeringens f\u00f6rsta till\u00e4ggsbudget <a href=\"https:\/\/ecfr.eu\/article\/pacific-drift-why-europe-needs-a-japan-strategy-for-the-takaichi-trump-era\/\" rel=\"nofollow noopener\" target=\"_blank\">visar<\/a> tydligt dess prioriteringar: s\u00e5 kallat hypersoniskt (extremt snabbt) missilf\u00f6rsvar och satsningar p\u00e5 f\u00f6rsvarsindustrin med mera.<\/p>\n<p><img decoding=\"async\" src=\"https:\/\/www.europesays.com\/se\/wp-content\/uploads\/2025\/12\/japan-usa-takaichi-trump.jpg\" alt=\"japan usa takaichi trump.jpg\"\/>Sanae och Donald med varandra. Det f\u00f6rsta m\u00f6tet mellan Japans premi\u00e4rminister Takaichi och USA:s president Trump beskrevs som n\u00e4ra perfekt. Foto: Mark Schiefelbein\/AP\/TT<\/p>\n<p>P\u00e5 kort sikt bidrar detta till att d\u00e4mpa USA:s kritik av hur b\u00f6rdorna f\u00f6rdelas p\u00e5 f\u00f6rsvarsomr\u00e5det, \u00e4ven om fr\u00e5gan sannolikt kommer att dyka upp igen. Resultatet \u00e4r en ny insikt: Japan m\u00e5ste bygga upp sin egen kapacitet f\u00f6r att avskr\u00e4cka attacker. Detta \u00e4r en utveckling som p\u00e5minner om situationen i Europa efter Rysslands invasion av Ukraina\u00a0\u2013 d\u00e4r en allians med USA fortfarande existerar, men inte kan tas f\u00f6r given.<\/p>\n<p><strong>Sydkorea: fr\u00e5n kylig rival till strategisk n\u00f6dv\u00e4ndighet<\/strong><\/p>\n<p>Takaichis valseger m\u00f6ttes med b\u00e5de oro och skepsis i Sydkorea, d\u00e4r m\u00e5nga har reagerat p\u00e5 hennes nationalistiska \u00e5sikter. Hon har till exempel tidigare ifr\u00e5gasatt delar av Japans krigsansvar, bland annat vad g\u00e4ller \u201dtr\u00f6stekvinnorna\u201d, ett begrepp som avser tusentals koreanska kvinnor som tvingades till sexuellt slaveri. Fram till valsegern hade hon regelbundet offrat vid Yasukuni-helgedomen, ett minnesm\u00e4rke f\u00f6r japanska soldater, d\u00e4ribland flera krigsf\u00f6rbrytare. Sanae Takaichi har ocks\u00e5 upprepade g\u00e5nger h\u00e4vdat suver\u00e4nitet \u00f6ver de omtvistade Liancourt\u00f6arna, k\u00e4nda i Japan som Takeshima och i Sydkorea som Dokdo, en fr\u00e5ga som har utl\u00f6st starka diplomatiska konflikter i det f\u00f6rflutna.<\/p>\n<p>Trots oro fr\u00e5n sydkoreansk sida har tonen varit anm\u00e4rkningsv\u00e4rt v\u00e4nlig. B\u00e5da l\u00e4nderna har lovat att arbeta f\u00f6r ett fram\u00e5tblickande partnerskap\u00a0\u2013 och kommit \u00f6verens om att \u00e5teruppta t\u00e4t diplomatisk kommunikation. Takaichi har visat en vilja att bygga vidare p\u00e5 och st\u00e4rka s\u00e4kerhetssamarbetet med Sydkorea. F\u00f6rh\u00e5llandet mellan de tv\u00e5 l\u00e4nderna har l\u00e4nge pr\u00e4glats av historiska konflikter, men realpolitiken vinner nu mark. Eftersom b\u00e5de Japan och Sydkorea skyddas av USA:s s\u00e4kerhetsparaply\u00a0\u2013 och samtidigt utmanas av milit\u00e4r upprustning fr\u00e5n Kina och Nordkorea\u00a0\u2013 \u00e4r ett n\u00e4rmare samarbete n\u00e4stan oundvikligt.<\/p>\n<p><img decoding=\"async\" src=\"https:\/\/www.europesays.com\/se\/wp-content\/uploads\/2025\/12\/imagefu48p.png\" alt=\"imagefu48p.png\"\/>F\u00f6rre premi\u00e4rministern Shinzo Abe, som m\u00f6rdades i valr\u00f6relsen 2022, beskrivs som Sanae Takaichis l\u00e4rom\u00e4stare. Hon hade flera ministerposter i hans regeringar. Bilden \u00e4r fr\u00e5n 2014. Foto: Toshifumi Kitamura\/AP\/TT<\/p>\n<p><strong>En milit\u00e4rmakt i f\u00f6r\u00e4ndring<\/strong><\/p>\n<p>Utvecklingen i Japan markerar ett brott med landets egen sj\u00e4lvbild. Efter andra v\u00e4rldskriget var landet fast beslutet att aldrig mer ta p\u00e5 sig en militaristisk roll, och pacifism blev en grundl\u00e4ggande del av dess identitet. De v\u00e4pnade styrkorna h\u00f6lls i schack och politikerna drog sig f\u00f6r att formulera tydliga strategiska m\u00e5l. Takaichis politik inneb\u00e4r inte bara en \u00e5teruppv\u00e4ckelse av gamla id\u00e9er, utan utg\u00f6r \u00e4ven, och snarare, ett tecken p\u00e5 att v\u00e4rlden har f\u00f6r\u00e4ndrats. Det kan d\u00e5 vara n\u00f6dv\u00e4ndigt f\u00f6r Japan att formulera best\u00e4mda s\u00e4kerhetspolitiska gr\u00e4nser eller inta en starkare h\u00e5llning vad g\u00e4ller b\u00e5de milit\u00e4r makt och politiskt tryck gentemot omv\u00e4rlden.<\/p>\n<p>Det som verkligen skiljer den nya premi\u00e4rministern fr\u00e5n tidigare ledare \u00e4r viljan att spendera pengar p\u00e5 f\u00f6rsvaret. F\u00f6r ett land som i generationer har varit stolt \u00f6ver att vara icke-milit\u00e4rt \u00e4r detta en stor f\u00f6r\u00e4ndring. Det \u00e4r inte en \u00e5terg\u00e5ng till f\u00f6rkrigstidens militarism, utan en \u00e5teruppbyggnad av kapaciteten\u00a0\u2013 driven av en blandning av os\u00e4kerhet, realism och geopolitisk n\u00f6dv\u00e4ndighet.<\/p>\n<p>Sammantaget verkar Sanae Takaichi vara en ledare som vill positionera Japan som en medelstor men sj\u00e4lvst\u00e4ndig makt med tydliga m\u00e5l. Om detta leder till varaktig balans eller \u00f6kad rivalitet beror p\u00e5 hur v\u00e4l hon lyckas navigera mellan tre kr\u00e4vande poler: Washington, Peking och Seoul.<\/p>\n<p>\u00d6vers\u00e4ttning: Ola Westerberg<\/p>\n","protected":false},"excerpt":{"rendered":"P\u00e5 drygt en m\u00e5nad har Sanae Takaichi gjort klart att hon inte bara kommer att f\u00f6rsvara status quo\u00a0\u2013&hellip;\n","protected":false},"author":2,"featured_media":105189,"comment_status":"","ping_status":"","sticky":false,"template":"","format":"standard","meta":{"footnotes":""},"categories":[14],"tags":[22,23,26,27,17,21,24,25,28,29,15,16,18,34,31,33,32,30,19,20,51,52,53,54],"class_list":{"0":"post-105188","1":"post","2":"type-post","3":"status-publish","4":"format-standard","5":"has-post-thumbnail","7":"category-varlden","8":"tag-breaking-news","9":"tag-breakingnews","10":"tag-featured-news","11":"tag-featurednews","12":"tag-headlines","13":"tag-huvudnyheter","14":"tag-latest-news","15":"tag-latestnews","16":"tag-main-news","17":"tag-mainnews","18":"tag-news","19":"tag-nyheter","20":"tag-rubriker","21":"tag-se","22":"tag-svenska","23":"tag-sverige","24":"tag-sweden","25":"tag-swedish","26":"tag-top-stories","27":"tag-topstories","28":"tag-varlden","29":"tag-world","30":"tag-world-news","31":"tag-worldnews"},"share_on_mastodon":{"url":"https:\/\/pubeurope.com\/@se\/115715247116510536","error":""},"_links":{"self":[{"href":"https:\/\/www.europesays.com\/se\/wp-json\/wp\/v2\/posts\/105188","targetHints":{"allow":["GET"]}}],"collection":[{"href":"https:\/\/www.europesays.com\/se\/wp-json\/wp\/v2\/posts"}],"about":[{"href":"https:\/\/www.europesays.com\/se\/wp-json\/wp\/v2\/types\/post"}],"author":[{"embeddable":true,"href":"https:\/\/www.europesays.com\/se\/wp-json\/wp\/v2\/users\/2"}],"replies":[{"embeddable":true,"href":"https:\/\/www.europesays.com\/se\/wp-json\/wp\/v2\/comments?post=105188"}],"version-history":[{"count":0,"href":"https:\/\/www.europesays.com\/se\/wp-json\/wp\/v2\/posts\/105188\/revisions"}],"wp:featuredmedia":[{"embeddable":true,"href":"https:\/\/www.europesays.com\/se\/wp-json\/wp\/v2\/media\/105189"}],"wp:attachment":[{"href":"https:\/\/www.europesays.com\/se\/wp-json\/wp\/v2\/media?parent=105188"}],"wp:term":[{"taxonomy":"category","embeddable":true,"href":"https:\/\/www.europesays.com\/se\/wp-json\/wp\/v2\/categories?post=105188"},{"taxonomy":"post_tag","embeddable":true,"href":"https:\/\/www.europesays.com\/se\/wp-json\/wp\/v2\/tags?post=105188"}],"curies":[{"name":"wp","href":"https:\/\/api.w.org\/{rel}","templated":true}]}}