{"id":105200,"date":"2025-12-14T01:23:17","date_gmt":"2025-12-14T01:23:17","guid":{"rendered":"https:\/\/www.europesays.com\/se\/105200\/"},"modified":"2025-12-14T01:23:17","modified_gmt":"2025-12-14T01:23:17","slug":"stor-attack-mot-ukraina-ryssland-vill-inte-sluta","status":"publish","type":"post","link":"https:\/\/www.europesays.com\/se\/105200\/","title":{"rendered":"Stor attack mot Ukraina: \u201dRyssland vill inte sluta\u201d"},"content":{"rendered":"<p>Minst tre personer har d\u00f6dats och 35 har skadats i ryska attacker mot Ukraina det senaste dygnet, skriver Kyiv Independent.<\/p>\n<p>Bara under natten till i\u202fdag har Ryssland avfyrat \u00f6ver 450 dr\u00f6nare och 30 robotar mot Ukraina, skriver Volodymyr Zelenskyj p\u00e5 X. Attackerna riktades \u00e5terigen mot energisektorn och tusentals ukrainska inv\u00e5nare \u00e4r utan elektricitet, enligt presidenten.<\/p>\n<p>Mot bakgrund av de p\u00e5g\u00e5ende fredsf\u00f6rhandlingarna skriver Zelenskyj att det \u00e4r \u201dviktigt att alla ser vad Ryssland g\u00f6r nu\u201d.<\/p>\n<p>\u201dAlla deras attacker visar tydligt att det h\u00e4r inte handlar om att avsluta kriget. De siktar fortfarande p\u00e5 att f\u00f6rst\u00f6ra v\u00e5r stat och orsaka v\u00e5rt folk maximal sm\u00e4rta\u201d, skriver han.<\/p>\n<p>Samtidigt uppger ryska myndigheter att tv\u00e5 personer d\u00f6dats i en ukrainsk dr\u00f6narattack mot staden Saratov i sydv\u00e4stra Ryssland, skriver oberoende Moscow Times.<\/p>\n<p>Omni \u00e4r politiskt obundna och oberoende. Vi str\u00e4var efter att ge fler perspektiv p\u00e5 nyheterna. Har du fr\u00e5gor eller synpunkter kring v\u00e5r rapportering? <a href=\"https:\/\/omni.se\/stor-attack-mot-ukraina-ryssland-vill-inte-sluta\/a\/mailto:redaktion@omni.se\" class=\"ArticleActions_contactLink__W2F1M\" rel=\"nofollow noopener\" target=\"_blank\">Kontakta redaktionen<\/a><\/p>\n","protected":false},"excerpt":{"rendered":"Minst tre personer har d\u00f6dats och 35 har skadats i ryska attacker mot Ukraina det senaste dygnet, skriver&hellip;\n","protected":false},"author":2,"featured_media":105201,"comment_status":"","ping_status":"","sticky":false,"template":"","format":"standard","meta":{"footnotes":""},"categories":[14],"tags":[22,23,267,26,27,17,21,24,25,28,29,15,16,18,269,264,34,31,33,32,30,19,20,263,51,262,52,53,54],"class_list":{"0":"post-105200","1":"post","2":"type-post","3":"status-publish","4":"format-standard","5":"has-post-thumbnail","7":"category-varlden","8":"tag-breaking-news","9":"tag-breakingnews","10":"tag-europa","11":"tag-featured-news","12":"tag-featurednews","13":"tag-headlines","14":"tag-huvudnyheter","15":"tag-latest-news","16":"tag-latestnews","17":"tag-main-news","18":"tag-mainnews","19":"tag-news","20":"tag-nyheter","21":"tag-rubriker","22":"tag-ryska-invasionen","23":"tag-ryssland","24":"tag-se","25":"tag-svenska","26":"tag-sverige","27":"tag-sweden","28":"tag-swedish","29":"tag-top-stories","30":"tag-topstories","31":"tag-ukraina","32":"tag-varlden","33":"tag-volodymyr-zelenskyj","34":"tag-world","35":"tag-world-news","36":"tag-worldnews"},"share_on_mastodon":{"url":"https:\/\/pubeurope.com\/@se\/115715309937168601","error":""},"_links":{"self":[{"href":"https:\/\/www.europesays.com\/se\/wp-json\/wp\/v2\/posts\/105200","targetHints":{"allow":["GET"]}}],"collection":[{"href":"https:\/\/www.europesays.com\/se\/wp-json\/wp\/v2\/posts"}],"about":[{"href":"https:\/\/www.europesays.com\/se\/wp-json\/wp\/v2\/types\/post"}],"author":[{"embeddable":true,"href":"https:\/\/www.europesays.com\/se\/wp-json\/wp\/v2\/users\/2"}],"replies":[{"embeddable":true,"href":"https:\/\/www.europesays.com\/se\/wp-json\/wp\/v2\/comments?post=105200"}],"version-history":[{"count":0,"href":"https:\/\/www.europesays.com\/se\/wp-json\/wp\/v2\/posts\/105200\/revisions"}],"wp:featuredmedia":[{"embeddable":true,"href":"https:\/\/www.europesays.com\/se\/wp-json\/wp\/v2\/media\/105201"}],"wp:attachment":[{"href":"https:\/\/www.europesays.com\/se\/wp-json\/wp\/v2\/media?parent=105200"}],"wp:term":[{"taxonomy":"category","embeddable":true,"href":"https:\/\/www.europesays.com\/se\/wp-json\/wp\/v2\/categories?post=105200"},{"taxonomy":"post_tag","embeddable":true,"href":"https:\/\/www.europesays.com\/se\/wp-json\/wp\/v2\/tags?post=105200"}],"curies":[{"name":"wp","href":"https:\/\/api.w.org\/{rel}","templated":true}]}}