{"id":105202,"date":"2025-12-14T01:24:35","date_gmt":"2025-12-14T01:24:35","guid":{"rendered":"https:\/\/www.europesays.com\/se\/105202\/"},"modified":"2025-12-14T01:24:35","modified_gmt":"2025-12-14T01:24:35","slug":"arende-mot-sveriges-vargjakt-nedlagt-av-eu","status":"publish","type":"post","link":"https:\/\/www.europesays.com\/se\/105202\/","title":{"rendered":"\u00c4rende mot Sveriges vargjakt nedlagt av EU"},"content":{"rendered":"<p>\n                    EU-kommissionen l\u00e4gger ner ett 15 \u00e5r gammalt \u00e4rende r\u00f6rande Sveriges vargjakt. P\u00e5 bilden en man som deltar i licensjakten 2011. Foto: Anders Wiklund\/TT\n            <\/p>\n<p class=\"article__sublead\">EU-kommissionen har lagt ner ett 15 \u00e5r gammalt \u00e4rende mot Sveriges vargjakt. Beklagligt, tycker Milj\u00f6partiets djurpolitiska talesperson Rebecka Le Moine. <\/p>\n<p class=\"article__paragraph\"><a href=\"https:\/\/tidningensyre.se\/2025\/20-november-2025\/eu-kritiserar-regeringens-mal-med-max-170-vargar\/\" rel=\"nofollow noopener\" target=\"_blank\">Nyligen kritiserade EU-kommissionen Sveriges vargpolitik<\/a>, men det \u00e4r inte f\u00f6rsta g\u00e5ngen. Redan 2011 inleddes ett \u00e4rende som handlade om att Sverige bedriver licensjakt p\u00e5 varg, trots att vargen enligt EU-lag varit strikt skyddad. I \u00e5r <a href=\"https:\/\/tidningensyre.se\/2025\/08-maj-2025\/vargens-skyddsstatus-sanks-i-eu\/\" rel=\"nofollow noopener\" target=\"_blank\">s\u00e4nktes vargens skyddsstatus<\/a> till bara \u201dskyddad\u201d och p\u00e5 torsdagen meddelade kommissionen att \u00e4rendet l\u00e4ggs ner, <a href=\"https:\/\/www.st.nu\/2025-12-11\/vargkritik-mot-sverige-laggs-ner\/\" target=\"_blank\" rel=\"noopener nofollow\">rapporterar Sundsvalls tidning<\/a>. Regeringen har tryckt p\u00e5 f\u00f6r en \u00e4ndring i art- och habitatdirektivet och landsbygdsminister Peter Kullgren (KD) \u00e4r n\u00f6jd med beskedet.<\/p>\n<p class=\"article__paragraph\">\u2013 Sk\u00f6nt att det \u00e4r avklarat nu, s\u00e4ger han till Sundsvalls tidning, och delar ocks\u00e5 <a href=\"https:\/\/x.com\/peterkullgren\/status\/1999090928188010808\" rel=\"nofollow\">ett inl\u00e4gg p\u00e5 X<\/a>:<\/p>\n<p class=\"article__paragraph\">\u201dV\u00e4lkomnar att kommissionen idag beslutat avskriva det 15 \u00e5r gamla \u00f6vertr\u00e4delse\u00e4rendet kring svensk vargjakt. Ser det som ett resultat av vargens \u00e4ndrade skyddsstatus som regeringen k\u00e4mpat h\u00e5rt f\u00f6r.\u201d<\/p>\n<p class=\"article__paragraph\">Milj\u00f6partiets Rebecka Le Moine beklagar \u00e5 sin sida beslutet. <\/p>\n<p class=\"article__paragraph\">\u201d[e]ftersom att bland annat Sveriges regering lyckats driva igenom att vargens skydd har minskat i hela EU, l\u00e4ggs nu \u00e4rendet ner som en f\u00f6ljd av det. Det \u00e4r bara att beklaga alla de \u00e5r som Sverige br\u00f6t mot EU:s naturv\u00e5rdslagar\u201d, <a href=\"https:\/\/www.facebook.com\/photo\/?fbid=10163416950076250&amp;set=pcb.10163416950126250\" target=\"_blank\" rel=\"noopener nofollow\">skriver hon p\u00e5 sin Facebook<\/a>. <\/p>\n<p class=\"article__paragraph\">Vargjakten \u00e4r fortsatt ifr\u00e5gasatt av EU efter att regeringen i somras s\u00e4nkte referensv\u00e4rdet f\u00f6r varg, d\u00e5 v\u00e4rdet f\u00f6r gynnsam bevarandestatus sattes till 170 ist\u00e4llet f\u00f6r som tidigare 300. Den kommande licensjakten utg\u00e5r fr\u00e5n detta nya v\u00e4rde. EU menar att en niv\u00e5 p\u00e5 170 vargar riskerar artens livskraft och uppmanar Sverige att inkomma med uppgifter som motiverar s\u00e4nkningen. <\/p>\n<p class=\"article__paragraph\">\u2013 Det \u00e4r h\u00f6gst os\u00e4kert kring hur jakten som b\u00f6rjar 2 januari \u00e4r i linje med art- och habitatdirektivet, s\u00e4ger Rebecka Le Moine till Sundsvalls tidning. <\/p>\n","protected":false},"excerpt":{"rendered":"EU-kommissionen l\u00e4gger ner ett 15 \u00e5r gammalt \u00e4rende r\u00f6rande Sveriges vargjakt. P\u00e5 bilden en man som deltar i&hellip;\n","protected":false},"author":2,"featured_media":105203,"comment_status":"","ping_status":"","sticky":false,"template":"","format":"standard","meta":{"footnotes":""},"categories":[12],"tags":[22,23,26,27,17,21,24,25,28,29,15,16,18,34,31,33,32,30,19,20],"class_list":{"0":"post-105202","1":"post","2":"type-post","3":"status-publish","4":"format-standard","5":"has-post-thumbnail","7":"category-sverige","8":"tag-breaking-news","9":"tag-breakingnews","10":"tag-featured-news","11":"tag-featurednews","12":"tag-headlines","13":"tag-huvudnyheter","14":"tag-latest-news","15":"tag-latestnews","16":"tag-main-news","17":"tag-mainnews","18":"tag-news","19":"tag-nyheter","20":"tag-rubriker","21":"tag-se","22":"tag-svenska","23":"tag-sverige","24":"tag-sweden","25":"tag-swedish","26":"tag-top-stories","27":"tag-topstories"},"share_on_mastodon":{"url":"https:\/\/pubeurope.com\/@se\/115715313711496863","error":""},"_links":{"self":[{"href":"https:\/\/www.europesays.com\/se\/wp-json\/wp\/v2\/posts\/105202","targetHints":{"allow":["GET"]}}],"collection":[{"href":"https:\/\/www.europesays.com\/se\/wp-json\/wp\/v2\/posts"}],"about":[{"href":"https:\/\/www.europesays.com\/se\/wp-json\/wp\/v2\/types\/post"}],"author":[{"embeddable":true,"href":"https:\/\/www.europesays.com\/se\/wp-json\/wp\/v2\/users\/2"}],"replies":[{"embeddable":true,"href":"https:\/\/www.europesays.com\/se\/wp-json\/wp\/v2\/comments?post=105202"}],"version-history":[{"count":0,"href":"https:\/\/www.europesays.com\/se\/wp-json\/wp\/v2\/posts\/105202\/revisions"}],"wp:featuredmedia":[{"embeddable":true,"href":"https:\/\/www.europesays.com\/se\/wp-json\/wp\/v2\/media\/105203"}],"wp:attachment":[{"href":"https:\/\/www.europesays.com\/se\/wp-json\/wp\/v2\/media?parent=105202"}],"wp:term":[{"taxonomy":"category","embeddable":true,"href":"https:\/\/www.europesays.com\/se\/wp-json\/wp\/v2\/categories?post=105202"},{"taxonomy":"post_tag","embeddable":true,"href":"https:\/\/www.europesays.com\/se\/wp-json\/wp\/v2\/tags?post=105202"}],"curies":[{"name":"wp","href":"https:\/\/api.w.org\/{rel}","templated":true}]}}