{"id":105208,"date":"2025-12-14T01:32:14","date_gmt":"2025-12-14T01:32:14","guid":{"rendered":"https:\/\/www.europesays.com\/se\/105208\/"},"modified":"2025-12-14T01:32:14","modified_gmt":"2025-12-14T01:32:14","slug":"lagenhet-var-bedragericallcenter-polismyndigheten","status":"publish","type":"post","link":"https:\/\/www.europesays.com\/se\/105208\/","title":{"rendered":"L\u00e4genhet var bedr\u00e4gericallcenter | Polismyndigheten"},"content":{"rendered":"<p>            &#13;<br \/>\n                &#13;<br \/>\n                &#13;<br \/>\n                &#13;<br \/>\n                &#13;<br \/>\n                <img decoding=\"async\" src=\"https:\/\/www.europesays.com\/se\/wp-content\/uploads\/2025\/12\/1765675934_777_\" alt=\"\" width=\"1920\" height=\"1280\" loading=\"lazy\"\/>&#13;<\/p>\n<p class=\"preamble\">&#13;<br \/>\n            Fem m\u00e4n fr\u00e5n Sk\u00e5ne \u00e5talas f\u00f6r 21 grova telefonbedr\u00e4gerier. &#13;\n        <\/p>\n<p>\u00c5tal har nu v\u00e4ckts mot fem unga m\u00e4n fr\u00e5n Sk\u00e5ne, misst\u00e4nkta f\u00f6r 21 grova telefonbedr\u00e4gerier riktade fr\u00e4mst mot \u00e4ldre kvinnor. Bedr\u00e4gerierna, s\u00e5 kallade vishing-bedr\u00e4gerier, ska ha utf\u00f6rts under drygt tv\u00e5 veckor i juni 2025. Den sammanlagda brottsvinsten uppskattas till \u00f6ver 1,4 miljoner kronor.<\/p>\n<p>Enligt utredningen har g\u00e4rningspersonerna skapat ett slags call-center i en l\u00e4genhet i en t\u00e4tort i Sk\u00e5ne och d\u00e4rifr\u00e5n skickat ut SMS d\u00e4r de utgett sig f\u00f6r att representera ett f\u00f6retag. N\u00e4r mottagaren ringt numret i meddelandet har de f\u00e5tt h\u00f6ra att deras Bank-ID anv\u00e4nts f\u00f6r att g\u00f6ra en best\u00e4llning. Samtalet har sedan kopplats vidare till personer som p\u00e5st\u00e5tt sig vara fr\u00e5n bankens s\u00e4kerhetsavdelning och som f\u00e5tt brottsoffren att genomf\u00f6ra olika bank\u00f6verf\u00f6ringar.<\/p>\n<p>Tv\u00e5 av de \u00e5talade misst\u00e4nks \u00e4ven f\u00f6r\u00a0olaga hot, d\u00e5 de p\u00e5st\u00e5tt att n\u00e5gon skulle komma hem till de brottsutsatta och skada deras bost\u00e4der. De misst\u00e4nkta \u00e4r\u00a016\u201322 \u00e5r gamla.<\/p>\n<p>Telefonbedr\u00e4gerier drabbar m\u00e5nga, och bedragarna arbetar ofta snabbt och \u00f6vertygande.<\/p>\n<p><b>Kom ih\u00e5g:<\/b><\/p>\n<ul>\n<li>Din bank ringer aldrig och ber dig logga in med BankID.<\/li>\n<li>L\u00e4mna aldrig ut koder eller kortuppgifter.<\/li>\n<li>Avsluta samtalet om n\u00e5got k\u00e4nns fel.<\/li>\n<\/ul>\n<p><a href=\"https:\/\/polisen.se\/utsatt-for-brott\/skydda-dig-mot-brott\/\" rel=\"nofollow noopener\" target=\"_blank\">L\u00e4s mer h\u00e4r om hur du skyddar dig och vad du ska g\u00f6ra om du misst\u00e4nker att du blivit utsatt.<\/a><\/p>\n<p>&#13;<br \/>\n                    <strong>&#13;<br \/>\n                        Publicerad&#13;<br \/>\n                    <\/strong>&#13;<br \/>\n                    &#13;<br \/>\n                        12 december 2025 07.00&#13;<br \/>\n                    &#13;<br \/>\n                    <br \/>&#13;\n            <\/p>\n<p>        &#13;<br \/>\n    &#13;<br \/>\n    &#13;<\/p>\n","protected":false},"excerpt":{"rendered":"&#13; &#13; &#13; &#13; &#13; &#13; &#13; Fem m\u00e4n fr\u00e5n Sk\u00e5ne \u00e5talas f\u00f6r 21 grova telefonbedr\u00e4gerier. &#13; \u00c5tal&hellip;\n","protected":false},"author":2,"featured_media":54,"comment_status":"","ping_status":"","sticky":false,"template":"","format":"standard","meta":{"footnotes":""},"categories":[14],"tags":[22,23,26,27,17,21,24,25,28,29,15,16,18,34,31,33,32,30,19,20,51,52,53,54],"class_list":{"0":"post-105208","1":"post","2":"type-post","3":"status-publish","4":"format-standard","5":"has-post-thumbnail","7":"category-varlden","8":"tag-breaking-news","9":"tag-breakingnews","10":"tag-featured-news","11":"tag-featurednews","12":"tag-headlines","13":"tag-huvudnyheter","14":"tag-latest-news","15":"tag-latestnews","16":"tag-main-news","17":"tag-mainnews","18":"tag-news","19":"tag-nyheter","20":"tag-rubriker","21":"tag-se","22":"tag-svenska","23":"tag-sverige","24":"tag-sweden","25":"tag-swedish","26":"tag-top-stories","27":"tag-topstories","28":"tag-varlden","29":"tag-world","30":"tag-world-news","31":"tag-worldnews"},"share_on_mastodon":{"url":"https:\/\/pubeurope.com\/@se\/115715345339841724","error":""},"_links":{"self":[{"href":"https:\/\/www.europesays.com\/se\/wp-json\/wp\/v2\/posts\/105208","targetHints":{"allow":["GET"]}}],"collection":[{"href":"https:\/\/www.europesays.com\/se\/wp-json\/wp\/v2\/posts"}],"about":[{"href":"https:\/\/www.europesays.com\/se\/wp-json\/wp\/v2\/types\/post"}],"author":[{"embeddable":true,"href":"https:\/\/www.europesays.com\/se\/wp-json\/wp\/v2\/users\/2"}],"replies":[{"embeddable":true,"href":"https:\/\/www.europesays.com\/se\/wp-json\/wp\/v2\/comments?post=105208"}],"version-history":[{"count":0,"href":"https:\/\/www.europesays.com\/se\/wp-json\/wp\/v2\/posts\/105208\/revisions"}],"wp:featuredmedia":[{"embeddable":true,"href":"https:\/\/www.europesays.com\/se\/wp-json\/wp\/v2\/media\/54"}],"wp:attachment":[{"href":"https:\/\/www.europesays.com\/se\/wp-json\/wp\/v2\/media?parent=105208"}],"wp:term":[{"taxonomy":"category","embeddable":true,"href":"https:\/\/www.europesays.com\/se\/wp-json\/wp\/v2\/categories?post=105208"},{"taxonomy":"post_tag","embeddable":true,"href":"https:\/\/www.europesays.com\/se\/wp-json\/wp\/v2\/tags?post=105208"}],"curies":[{"name":"wp","href":"https:\/\/api.w.org\/{rel}","templated":true}]}}