{"id":105223,"date":"2025-12-14T02:00:35","date_gmt":"2025-12-14T02:00:35","guid":{"rendered":"https:\/\/www.europesays.com\/se\/105223\/"},"modified":"2025-12-14T02:00:35","modified_gmt":"2025-12-14T02:00:35","slug":"vilken-julklapp-for-lovande-unga-spelare","status":"publish","type":"post","link":"https:\/\/www.europesays.com\/se\/105223\/","title":{"rendered":"Vilken julklapp f\u00f6r lovande unga spelare"},"content":{"rendered":"<p>\t\t\t\t<img loading=\"lazy\" decoding=\"async\" width=\"1200\" height=\"800\" src=\"https:\/\/www.europesays.com\/se\/wp-content\/uploads\/2025\/12\/SBTF-Hemsida-36.png\" alt=\"\" title=\"SBTF Hemsida-36\" class=\"wp-image-40510\"\/><\/p>\n<p><strong>Namnet Bj\u00f6rn Borg k\u00e4nner de flesta igen som en av de fr\u00e4msta idrottslegendarerna genom tiderna. Under sin aktiva period svingade han som alla vet st\u00f6rre racket och boll men \u00e4ven bordtennisen har alltid legat honom varmt om hj\u00e4rtat. Nu har han beslutat sig f\u00f6r att st\u00f6tta ett antal lovande bordtennisspelande ungdomar lite extra via Bj\u00f6rn Borg-stiftelsen. <\/strong><\/p>\n<p>Bj\u00f6rn Borg har tillsammans med hustrun Patricia valt att lyfta fram bordtennisen i form av ekonomiskt st\u00f6d till ett antal lovande ungdomar. St\u00f6det ska anv\u00e4ndas till tr\u00e4nings- och t\u00e4vlingsutveckling. Ingen mindre \u00e4n Jan-Ove Waldner har varit delaktig i att identifiera ungdomarna i fr\u00e5ga.<\/p>\n<p>\u2013 Jag vet hur viktigt det \u00e4r med r\u00e4tt st\u00f6d i form av b\u00e5de tr\u00e4ning och t\u00e4vling och att mycket handlar om resursfr\u00e5gan. Idag \u00e4r det f\u00f6rmodligen viktigare \u00e4n n\u00e5gonsin. Att Bj\u00f6rn och Patricia nu tar detta initiativ tycker jag \u00e4r helt fantastiskt kul f\u00f6r bordtennisen och beundransv\u00e4rt. De namn jag valt ut ser jag stor potential i och hoppas att st\u00f6det kommer v\u00e4l till pass, s\u00e4ger Jan-Ove Waldner.<\/p>\n<p>Fr\u00e5n svensk bordtennis h\u00e5ll \u00e4r insatser av detta slag v\u00e4lkommet.<\/p>\n<p>\u2013 Det \u00e4r s\u00e5klart v\u00e4ldigt roligt och positivt f\u00f6r de ungdomar det handlar om. Resursfr\u00e5gan \u00e4r alltid aktuell och idag ser vi tydligt att det finns flera s\u00e4tt att bli framg\u00e5ngsrik p\u00e5, en trend som \u00e4ven \u00e4r global, s\u00e4ger Emma Persson, landslagschef i Svenska Bordtennisf\u00f6rbundet.<\/p>\n<p>Ungdomarna som erh\u00e5ller detta st\u00f6d \u00e4r totalt sex, varav tre killar och tre tjejer.<\/p>\n<p>Mark Usov, Haparanda SKT<br \/>Adam Grawsi\u00f6 Wallin, S\u00f6derhamns UIF<br \/>Joel Isaksson, Vetlanda BTK<br \/>Siri Benjeg\u00e5rd, Esl\u00f6vs Al BTK<br \/>Angelina Bebawy, Halmstad BTK<br \/>Laurynne Cabardo, \u00c4ngby SK<\/p>\n<p><strong>Bild: <\/strong>Jan-Ove Waldner och Bj\u00f6rn Borg<\/p>\n","protected":false},"excerpt":{"rendered":"Namnet Bj\u00f6rn Borg k\u00e4nner de flesta igen som en av de fr\u00e4msta idrottslegendarerna genom tiderna. Under sin aktiva&hellip;\n","protected":false},"author":2,"featured_media":105224,"comment_status":"","ping_status":"","sticky":false,"template":"","format":"standard","meta":{"footnotes":""},"categories":[68],"tags":[34,111,110,31,33,32,30],"class_list":{"0":"post-105223","1":"post","2":"type-post","3":"status-publish","4":"format-standard","5":"has-post-thumbnail","7":"category-sport","8":"tag-se","9":"tag-sport","10":"tag-sports","11":"tag-svenska","12":"tag-sverige","13":"tag-sweden","14":"tag-swedish"},"share_on_mastodon":{"url":"https:\/\/pubeurope.com\/@se\/115715455454498507","error":""},"_links":{"self":[{"href":"https:\/\/www.europesays.com\/se\/wp-json\/wp\/v2\/posts\/105223","targetHints":{"allow":["GET"]}}],"collection":[{"href":"https:\/\/www.europesays.com\/se\/wp-json\/wp\/v2\/posts"}],"about":[{"href":"https:\/\/www.europesays.com\/se\/wp-json\/wp\/v2\/types\/post"}],"author":[{"embeddable":true,"href":"https:\/\/www.europesays.com\/se\/wp-json\/wp\/v2\/users\/2"}],"replies":[{"embeddable":true,"href":"https:\/\/www.europesays.com\/se\/wp-json\/wp\/v2\/comments?post=105223"}],"version-history":[{"count":0,"href":"https:\/\/www.europesays.com\/se\/wp-json\/wp\/v2\/posts\/105223\/revisions"}],"wp:featuredmedia":[{"embeddable":true,"href":"https:\/\/www.europesays.com\/se\/wp-json\/wp\/v2\/media\/105224"}],"wp:attachment":[{"href":"https:\/\/www.europesays.com\/se\/wp-json\/wp\/v2\/media?parent=105223"}],"wp:term":[{"taxonomy":"category","embeddable":true,"href":"https:\/\/www.europesays.com\/se\/wp-json\/wp\/v2\/categories?post=105223"},{"taxonomy":"post_tag","embeddable":true,"href":"https:\/\/www.europesays.com\/se\/wp-json\/wp\/v2\/tags?post=105223"}],"curies":[{"name":"wp","href":"https:\/\/api.w.org\/{rel}","templated":true}]}}