{"id":105227,"date":"2025-12-14T02:05:18","date_gmt":"2025-12-14T02:05:18","guid":{"rendered":"https:\/\/www.europesays.com\/se\/105227\/"},"modified":"2025-12-14T02:05:18","modified_gmt":"2025-12-14T02:05:18","slug":"13-december-07-37-sammanfattning-natt-jonkoping","status":"publish","type":"post","link":"https:\/\/www.europesays.com\/se\/105227\/","title":{"rendered":"13 december 07.37, Sammanfattning natt, J\u00f6nk\u00f6ping"},"content":{"rendered":"<p>Polisen har hanterat ett 120-tal h\u00e4ndelser i J\u00f6nk\u00f6pings l\u00e4n mellan klockan 22 och 07. Inga grova v\u00e5ldsbrott eller allvarliga h\u00e4ndelser har kommit till polisens k\u00e4nnedom.<\/p>\n<p><strong>02:21 Trafikbrott &#8211; J\u00f6nk\u00f6ping<\/strong><\/p>\n<p>En patrull observerar en bil som framf\u00f6rs v\u00e5rdsl\u00f6st och lyckas m\u00e4ta upp hastigheten till 124 kilometer i timmen p\u00e5 en 40-v\u00e4g i omr\u00e5det Torpa. F\u00f6raren, en man i 30-\u00e5rs\u00e5ldern, misst\u00e4nks nu f\u00f6r v\u00e5rdsl\u00f6shet i trafik och hastighets\u00f6vertr\u00e4delse.<\/p>\n<p><strong>22:54 Misshandel etc &#8211; Gislaved<\/strong><\/p>\n<p>Ett br\u00e5k utbryter utanf\u00f6r en restaurang i Gislaved. Tv\u00e5 m\u00e4n i 20-\u00e5rs\u00e5ldern och en man i 50-\u00e5rs\u00e5ldern blir samtliga b\u00e5de misst\u00e4nkta och m\u00e5ls\u00e4gande g\u00e4llande misshandel. Ingen f\u00e5r allvarliga skador som kr\u00e4ver sjukhusv\u00e5rd. \u00c4rendet \u00e4r aningen r\u00f6rigt och kommer att kr\u00e4va f\u00f6rh\u00f6r och utrednings\u00e5tg\u00e4rder f\u00f6r att reda ut vem som gjort vad.<\/p>\n<p><strong>02:22 Misshandel etc &#8211; Tran\u00e5s<\/strong><\/p>\n<p>Polisen f\u00e5r larm om att en man i 55-\u00e5rs\u00e5ldern blivit misshandlad i sitt hem av ok\u00e4nda personer. Mannen har vissa skador och f\u00f6rs med ambulans till sjukhus f\u00f6r kontroll. Inga f\u00f6rh\u00f6r har h\u00e5llits i \u00e4rendet \u00e4nnu, men en anm\u00e4lan om misshandel och grovt hemfridsbrott har uppr\u00e4ttats. Det finns ingen misst\u00e4nkt i \u00e4rendet.<\/p>\n<p><strong>03:15 Misshandel &#8211; J\u00f6nk\u00f6ping<\/strong><\/p>\n<p>Efter ett br\u00e5k p\u00e5 en restaurang i J\u00f6nk\u00f6ping blir en man i 20-\u00e5rs\u00e5ldern misst\u00e4nkt f\u00f6r misshandel av en annan man i samma \u00e5lder. P\u00e5 grund av berusning har inga f\u00f6rh\u00f6r h\u00e5llits i \u00e4rendet \u00e4nnu. Ingen har f\u00e5tt skador som kr\u00e4vt sjukhusv\u00e5rd.<\/p>\n<p>\u00a0<\/p>\n","protected":false},"excerpt":{"rendered":"Polisen har hanterat ett 120-tal h\u00e4ndelser i J\u00f6nk\u00f6pings l\u00e4n mellan klockan 22 och 07. Inga grova v\u00e5ldsbrott eller&hellip;\n","protected":false},"author":2,"featured_media":54,"comment_status":"","ping_status":"","sticky":false,"template":"","format":"standard","meta":{"footnotes":""},"categories":[12],"tags":[22,23,26,27,17,21,24,25,28,29,15,16,18,34,31,33,32,30,19,20],"class_list":{"0":"post-105227","1":"post","2":"type-post","3":"status-publish","4":"format-standard","5":"has-post-thumbnail","7":"category-sverige","8":"tag-breaking-news","9":"tag-breakingnews","10":"tag-featured-news","11":"tag-featurednews","12":"tag-headlines","13":"tag-huvudnyheter","14":"tag-latest-news","15":"tag-latestnews","16":"tag-main-news","17":"tag-mainnews","18":"tag-news","19":"tag-nyheter","20":"tag-rubriker","21":"tag-se","22":"tag-svenska","23":"tag-sverige","24":"tag-sweden","25":"tag-swedish","26":"tag-top-stories","27":"tag-topstories"},"share_on_mastodon":{"url":"https:\/\/pubeurope.com\/@se\/115715475021911129","error":""},"_links":{"self":[{"href":"https:\/\/www.europesays.com\/se\/wp-json\/wp\/v2\/posts\/105227","targetHints":{"allow":["GET"]}}],"collection":[{"href":"https:\/\/www.europesays.com\/se\/wp-json\/wp\/v2\/posts"}],"about":[{"href":"https:\/\/www.europesays.com\/se\/wp-json\/wp\/v2\/types\/post"}],"author":[{"embeddable":true,"href":"https:\/\/www.europesays.com\/se\/wp-json\/wp\/v2\/users\/2"}],"replies":[{"embeddable":true,"href":"https:\/\/www.europesays.com\/se\/wp-json\/wp\/v2\/comments?post=105227"}],"version-history":[{"count":0,"href":"https:\/\/www.europesays.com\/se\/wp-json\/wp\/v2\/posts\/105227\/revisions"}],"wp:featuredmedia":[{"embeddable":true,"href":"https:\/\/www.europesays.com\/se\/wp-json\/wp\/v2\/media\/54"}],"wp:attachment":[{"href":"https:\/\/www.europesays.com\/se\/wp-json\/wp\/v2\/media?parent=105227"}],"wp:term":[{"taxonomy":"category","embeddable":true,"href":"https:\/\/www.europesays.com\/se\/wp-json\/wp\/v2\/categories?post=105227"},{"taxonomy":"post_tag","embeddable":true,"href":"https:\/\/www.europesays.com\/se\/wp-json\/wp\/v2\/tags?post=105227"}],"curies":[{"name":"wp","href":"https:\/\/api.w.org\/{rel}","templated":true}]}}