{"id":105228,"date":"2025-12-14T02:06:25","date_gmt":"2025-12-14T02:06:25","guid":{"rendered":"https:\/\/www.europesays.com\/se\/105228\/"},"modified":"2025-12-14T02:06:25","modified_gmt":"2025-12-14T02:06:25","slug":"vm-och-em-kvalet-lottat-for-futsallandslagen","status":"publish","type":"post","link":"https:\/\/www.europesays.com\/se\/105228\/","title":{"rendered":"VM- och EM-kvalet lottat f\u00f6r futsallandslagen"},"content":{"rendered":"<p>Under fredagen v\u00e4ntade lottaningar f\u00f6r b\u00e5de dam- och herrlandslaget i futsal. Herrarna lottades in i kvalet mot VM 2028 och damerna i kvalet mot EM 2027.<\/p>\n<p>Herrarnas VM-kvallottning<\/p>\n<p>Lottningen f\u00f6r herrarnas kval mot VM 2028 \u00e4gde rum under fredagsf\u00f6rmiddagen. Totalt deltar 48 UEFA-nationer i t\u00e4vlingen. De 24 h\u00f6gst rankade g\u00e5r direkt in i Main round, medan de 24 l\u00e4gst rankade startar i Preliminary round. De sistn\u00e4mnda lottas in i sex grupper om fyra lag (A\u2013F), d\u00e4r lagen f\u00f6rdelas fr\u00e5n sina seedningspotter i alfabetisk ordning.<\/p>\n<p>Sverige placerar sig p\u00e5 plats 25 och inleder d\u00e4rmed i Preliminary round. Sverige lottades in i grupp B tillsammans med England, Schweiz och Nordirland.<\/p>\n<p>Vinnarna och grupptv\u00e5orna i Preliminary round kvalificerar sig till Main round.<\/p>\n<p>Herr: Kvaldatum<\/p>\n<ul>\n<li>Preliminary round-lottning: 12 december 2025<\/li>\n<li>Preliminary round: 6\u201315 april 2026<\/li>\n<li>Main round-lottning: 19 maj 2026<\/li>\n<li>Main round-gruppspel: 12\u201321 oktober 2026, 2\u201311 november 2026, 6\u20139 december 2026, 22 februari\u20133 mars 2027<\/li>\n<li>Main round playoff-lottning: 5 mars 2027<\/li>\n<li>Main round playoff: 12\u201321 april 2027<\/li>\n<li>Elite round-lottning: 20 maj 2027<\/li>\n<li>Elite round-gruppspel: 6\u201315 september 2027, 11\u201320 oktober 2027, 13\u201322 december 2027<\/li>\n<li>Elite round playoff-lottning: 20 januari 2028<\/li>\n<li>Elite round playoff: 10-19 april 2028<\/li>\n<li>VM: 7-29 oktober 2028<\/li>\n<\/ul>\n<p>Damernas EM-kvallottning<\/p>\n<p>Senare under eftermiddagen v\u00e4ntade damernas lottning mot EM 2027.\u00a0<\/p>\n<p>Fredagens lottning omfattar b\u00e5de Main round och Elite round. Tack vare fina resultat och d\u00e4rmed en bra ranking kliver Sverige direkt in i Elite Round.<\/p>\n<p>Sverige lottades in i grupp 2 tillsammans med Ungern, Slovakien och den tredje b\u00e4st rankade gruppvinnaren fr\u00e5n Main round.<\/p>\n<p>De 12 l\u00e4gst rankade lagen inleder kvalet i Main round (17\u201322 mars 2026) och lottas in i tre grupper om fyra lag. De 11 h\u00f6gst rankade g\u00e5r direkt till Elite round (6\u201311 oktober 2026), d\u00e4r de f\u00e5r s\u00e4llskap av fem lag som kvalificerat sig fr\u00e5n Preliminary round.<\/p>\n<p>Fr\u00e5n Elite round g\u00e5r sex lag vidare till finalturneringen och ytterligare ett lag s\u00e4kras genom ett playoff mellan tv\u00e5 nationer i november 2026.<\/p>\n<p>Dam: Kvaldatum<\/p>\n<ul>\n<li>Lottning: 12 december 2025<\/li>\n<li>Main round: 17-22 mars 2026<\/li>\n<li>Elite round: 6-11 oktober 2026<\/li>\n<li>Playoff: 12-26 november 2026<\/li>\n<li>EM-lottning: tbc<\/li>\n<li>EM (Osijek, Kroatien): 14-21 mars 2027<\/li>\n<\/ul>\n","protected":false},"excerpt":{"rendered":"Under fredagen v\u00e4ntade lottaningar f\u00f6r b\u00e5de dam- och herrlandslaget i futsal. Herrarna lottades in i kvalet mot VM&hellip;\n","protected":false},"author":2,"featured_media":5031,"comment_status":"","ping_status":"","sticky":false,"template":"","format":"standard","meta":{"footnotes":""},"categories":[5],"tags":[22,23,26,27,17,21,24,25,28,29,15,16,18,34,31,33,32,30,19,20],"class_list":{"0":"post-105228","1":"post","2":"type-post","3":"status-publish","4":"format-standard","5":"has-post-thumbnail","7":"category-rubriker","8":"tag-breaking-news","9":"tag-breakingnews","10":"tag-featured-news","11":"tag-featurednews","12":"tag-headlines","13":"tag-huvudnyheter","14":"tag-latest-news","15":"tag-latestnews","16":"tag-main-news","17":"tag-mainnews","18":"tag-news","19":"tag-nyheter","20":"tag-rubriker","21":"tag-se","22":"tag-svenska","23":"tag-sverige","24":"tag-sweden","25":"tag-swedish","26":"tag-top-stories","27":"tag-topstories"},"share_on_mastodon":{"url":"https:\/\/pubeurope.com\/@se\/115715478886229444","error":""},"_links":{"self":[{"href":"https:\/\/www.europesays.com\/se\/wp-json\/wp\/v2\/posts\/105228","targetHints":{"allow":["GET"]}}],"collection":[{"href":"https:\/\/www.europesays.com\/se\/wp-json\/wp\/v2\/posts"}],"about":[{"href":"https:\/\/www.europesays.com\/se\/wp-json\/wp\/v2\/types\/post"}],"author":[{"embeddable":true,"href":"https:\/\/www.europesays.com\/se\/wp-json\/wp\/v2\/users\/2"}],"replies":[{"embeddable":true,"href":"https:\/\/www.europesays.com\/se\/wp-json\/wp\/v2\/comments?post=105228"}],"version-history":[{"count":0,"href":"https:\/\/www.europesays.com\/se\/wp-json\/wp\/v2\/posts\/105228\/revisions"}],"wp:featuredmedia":[{"embeddable":true,"href":"https:\/\/www.europesays.com\/se\/wp-json\/wp\/v2\/media\/5031"}],"wp:attachment":[{"href":"https:\/\/www.europesays.com\/se\/wp-json\/wp\/v2\/media?parent=105228"}],"wp:term":[{"taxonomy":"category","embeddable":true,"href":"https:\/\/www.europesays.com\/se\/wp-json\/wp\/v2\/categories?post=105228"},{"taxonomy":"post_tag","embeddable":true,"href":"https:\/\/www.europesays.com\/se\/wp-json\/wp\/v2\/tags?post=105228"}],"curies":[{"name":"wp","href":"https:\/\/api.w.org\/{rel}","templated":true}]}}