{"id":105229,"date":"2025-12-14T02:08:12","date_gmt":"2025-12-14T02:08:12","guid":{"rendered":"https:\/\/www.europesays.com\/se\/105229\/"},"modified":"2025-12-14T02:08:12","modified_gmt":"2025-12-14T02:08:12","slug":"skriver-langt-kontrakt-efter-23-nhl-matcher","status":"publish","type":"post","link":"https:\/\/www.europesays.com\/se\/105229\/","title":{"rendered":"Skriver l\u00e5ngt kontrakt &#8211; efter 23 NHL-matcher"},"content":{"rendered":"<p><strong><a href=\"https:\/\/hockeysverige.se\/spelare\/joel-nystrom\/\" rel=\"nofollow noopener\" target=\"_blank\">Joel Nystr\u00f6m<\/a> bel\u00f6nas av <a href=\"https:\/\/hockeysverige.se\/klubb\/carolina-hurricanes\/\" rel=\"nofollow noopener\" target=\"_blank\">Carolina Hurricanes<\/a>. Den svenska backen har skrivit p\u00e5 ett nytt fyra\u00e5rskontrakt med klubben \u2013 v\u00e4rt 45 miljoner kronor.<\/strong><\/p>\n<p><img loading=\"lazy\" decoding=\"async\" width=\"1024\" height=\"658\" src=\"https:\/\/www.europesays.com\/se\/wp-content\/uploads\/2025\/12\/Joel-Nystrom-1024x658.webp.webp\" alt=\"\" class=\"wp-image-336036\"  \/>Joel Nystr\u00f6m \u00e4r p\u00e5 v\u00e4g att etablera sig i NHL.<br \/>Foto: James Guillory-Imagn Images<br \/>\u00a9 Bildbyr\u00e5n.<\/p>\n<p>Det var inf\u00f6r den h\u00e4r s\u00e4songen som Joel Nystr\u00f6m tog steget och l\u00e4mnade F\u00e4rjestad. Det blev ist\u00e4llet spel i Chicago Wolves i AHL d\u00e4r han inledde s\u00e4songen. Men efter bara tre matcher valde Carolina att kalla upp svensken.<\/p>\n<p>23 matcher senare v\u00e4ljer man nu ocks\u00e5 att skriva <a href=\"https:\/\/www.nhl.com\/hurricanes\/news\/canes-sign-nystrom-to-four-year-contract-extension\" rel=\"nofollow noopener\" target=\"_blank\">ett nytt kontrakt<\/a> med honom.<\/p>\n<p>Det \u00e4r ett fyra \u00e5r l\u00e5ngt s\u00e5dant v\u00e4rt 4,9 miljoner dollar, runt 45 miljoner svenska kronor. Det efter att han levererat fyra assist p\u00e5 23 matcher under inledningen av sin NHL-karri\u00e4r. 23-\u00e5ringen har tidigare endast spelat f\u00f6r moderklubben F\u00e4rjestad under sin karri\u00e4r. D\u00e4r vann han ocks\u00e5 SM-guld 2022 och gjorde \u00f6ver 250 matcher i A-laget.<\/p>\n<p>Joel Nystr\u00f6m draftades i runda sju av Carolina Hurricanes 2021. <\/p>\n<p> Source: <a href=\"https:\/\/www.eliteprospects.com\/player\/394715\/joel-nystrom\" target=\"_blank\" rel=\"noopener noreferrer nofollow\">Joel Nystr\u00f6m<\/a> @ Elite Prospects<\/p>\n","protected":false},"excerpt":{"rendered":"Joel Nystr\u00f6m bel\u00f6nas av Carolina Hurricanes. Den svenska backen har skrivit p\u00e5 ett nytt fyra\u00e5rskontrakt med klubben \u2013&hellip;\n","protected":false},"author":2,"featured_media":105230,"comment_status":"","ping_status":"","sticky":false,"template":"","format":"standard","meta":{"footnotes":""},"categories":[68],"tags":[247,34,133,111,110,31,33,32,30],"class_list":{"0":"post-105229","1":"post","2":"type-post","3":"status-publish","4":"format-standard","5":"has-post-thumbnail","7":"category-sport","8":"tag-nhl","9":"tag-se","10":"tag-second-news","11":"tag-sport","12":"tag-sports","13":"tag-svenska","14":"tag-sverige","15":"tag-sweden","16":"tag-swedish"},"share_on_mastodon":{"url":"https:\/\/pubeurope.com\/@se\/115715486911054578","error":""},"_links":{"self":[{"href":"https:\/\/www.europesays.com\/se\/wp-json\/wp\/v2\/posts\/105229","targetHints":{"allow":["GET"]}}],"collection":[{"href":"https:\/\/www.europesays.com\/se\/wp-json\/wp\/v2\/posts"}],"about":[{"href":"https:\/\/www.europesays.com\/se\/wp-json\/wp\/v2\/types\/post"}],"author":[{"embeddable":true,"href":"https:\/\/www.europesays.com\/se\/wp-json\/wp\/v2\/users\/2"}],"replies":[{"embeddable":true,"href":"https:\/\/www.europesays.com\/se\/wp-json\/wp\/v2\/comments?post=105229"}],"version-history":[{"count":0,"href":"https:\/\/www.europesays.com\/se\/wp-json\/wp\/v2\/posts\/105229\/revisions"}],"wp:featuredmedia":[{"embeddable":true,"href":"https:\/\/www.europesays.com\/se\/wp-json\/wp\/v2\/media\/105230"}],"wp:attachment":[{"href":"https:\/\/www.europesays.com\/se\/wp-json\/wp\/v2\/media?parent=105229"}],"wp:term":[{"taxonomy":"category","embeddable":true,"href":"https:\/\/www.europesays.com\/se\/wp-json\/wp\/v2\/categories?post=105229"},{"taxonomy":"post_tag","embeddable":true,"href":"https:\/\/www.europesays.com\/se\/wp-json\/wp\/v2\/tags?post=105229"}],"curies":[{"name":"wp","href":"https:\/\/api.w.org\/{rel}","templated":true}]}}