{"id":105235,"date":"2025-12-14T02:19:17","date_gmt":"2025-12-14T02:19:17","guid":{"rendered":"https:\/\/www.europesays.com\/se\/105235\/"},"modified":"2025-12-14T02:19:17","modified_gmt":"2025-12-14T02:19:17","slug":"mal-av-isak-flodberg-och-niclas-nyqvist-nar-boltic-forlorade-nwt","status":"publish","type":"post","link":"https:\/\/www.europesays.com\/se\/105235\/","title":{"rendered":"M\u00e5l av Isak Flodberg och Niclas Nyqvist n\u00e4r Boltic f\u00f6rlorade &#8211; NWT"},"content":{"rendered":"<ol>\n<li><a href=\"https:\/\/news.google.com\/rss\/articles\/CBMingFBVV95cUxQUDVSWkJyT1RBaF94ZVVOcXVSaHNxYmcwM1FKSl8tVXNfMUdnenQ5aDdsMDlQemRObzV3WDVQclpzbGEzUTdYMHpudk1jOWUwZ0ZBM3pNc2p0NWdSd2dlXzlCSnpOcXo0NURmUTcxdzVFMmVQRFY0Z2dNdWJXa2VOWnQtYUhqTHRUdWFfdm5INGZqNnF6MlQ1ZlVMMzdpdw?oc=5\" target=\"_blank\" rel=\"nofollow noopener\">M\u00e5l av Isak Flodberg och Niclas Nyqvist n\u00e4r Boltic f\u00f6rlorade<\/a>&nbsp;&nbsp;NWT<\/li>\n<li><a href=\"https:\/\/news.google.com\/rss\/articles\/CBMiuAFBVV95cUxPUnhJMlBURXlBUVI5ZTNXdkVuS2I2LWNIb1Rjc2hBQkJGWFloTmVjMUk5WjlibmEzYmxmQkRqS19MMWZFeFJNNDlNWFBGX0hDWUFoWkdXclFlWk5QaTB3eTMyaXQwWE53VGhoYmlKUUVibDI1eDJFUWNsRmFFbmhBVjUxc19QYjNMVlNuSFB1aDNrNzRCODBXbUtPOWZYcGRpMW9qUENWQURfblc0TERVZjJWdzVtX0Ni?oc=5\" target=\"_blank\" rel=\"nofollow noopener\">Sj\u00e4tte raka f\u00f6rlusten f\u00f6r Boltic \u2013 snart v\u00e4ntar \u00f6desmatch: \u201dVi borde st\u00e5tt upp b\u00e4ttre\u201d<\/a>&nbsp;&nbsp;VF<\/li>\n<li><a href=\"https:\/\/news.google.com\/rss\/articles\/CBMisgFBVV95cUxNck1Gdjh3VXNEVnpQVERyRklLWFRDOU1vdDUyUWc5RXpadkZaOFoweXU0NzNFVURLOGtvX0UtTXVaM3BZcERCRmFuUzdOckc3QlRGUzU0TDlpWU1zYzMxTXIxZFIzOUR3aGowRWE4YzVuRGpMcnFjXzZHR1A1NnFPTEJ3UjdSSHZ2UGlJOGZtVmp1V01CZ09wRUZuS0NqMDV0ckU4Rm4td0pKUHVDWjd2SmxB?oc=5\" target=\"_blank\" rel=\"nofollow noopener\">IFK s\u00e4nkte Boltic \u2013 vann viktiga bottenm\u00f6tet<\/a>&nbsp;&nbsp;TTELA<\/li>\n<li><a href=\"https:\/\/news.google.com\/rss\/articles\/CBMioAFBVV95cUxPTmRkV29TSEZoNDloVnR3cVRxVlFKM1ZWZWJXVUpEMlBzV2stMDRXRTRuTmwxZjJDalpwUkpYOTVzQlhKWEJqZkFYZk4zVjRDOXF3X3ZZVEFndVhha1Z3R0RxWjBRX09JSDFucnpmaFhFalJnNWxSVjJtZUV2Ym1DUDAzM1ZtODlqZm9VbVZWWXVGOHFxT25rbjlTRzF6SFhh?oc=5\" target=\"_blank\" rel=\"nofollow noopener\">V\u00e4nersborg studsade tillbaka \u2013 Liukkonen: \u201dTittar inte p\u00e5 tabellen\u201d<\/a>&nbsp;&nbsp;Bandypuls<\/li>\n<li><a href=\"https:\/\/news.google.com\/rss\/articles\/CBMimAFBVV95cUxOMUdqN1JTYWhpVEVTYnlTdm5aQXF5U1lKZzZ6emZjTVdFUXh1NURkZWgyNFMyWkM0WHQ2X05ub3pXbzJseWdjSGd4NENfY3FtUU5DUEN4WXJzcV9jZUJodk5sX2NEZHUxWHZQbnczbHpEVnYzZzNKRjFFSkV3VDl5eklfRkFvalJiZFNsNkt1XzczWnR2MnJaUw?oc=5\" target=\"_blank\" rel=\"nofollow noopener\">Storseger f\u00f6r IFK V\u00e4nersborg hemma mot Boltic<\/a>&nbsp;&nbsp;NSD<\/li>\n<\/ol>\n","protected":false},"excerpt":{"rendered":"M\u00e5l av Isak Flodberg och Niclas Nyqvist n\u00e4r Boltic f\u00f6rlorade&nbsp;&nbsp;NWT Sj\u00e4tte raka f\u00f6rlusten f\u00f6r Boltic \u2013 snart v\u00e4ntar&hellip;\n","protected":false},"author":2,"featured_media":105236,"comment_status":"","ping_status":"","sticky":false,"template":"","format":"standard","meta":{"footnotes":""},"categories":[68],"tags":[34,111,110,31,33,32,30],"class_list":{"0":"post-105235","1":"post","2":"type-post","3":"status-publish","4":"format-standard","5":"has-post-thumbnail","7":"category-sport","8":"tag-se","9":"tag-sport","10":"tag-sports","11":"tag-svenska","12":"tag-sverige","13":"tag-sweden","14":"tag-swedish"},"share_on_mastodon":{"url":"https:\/\/pubeurope.com\/@se\/115715529938742666","error":""},"_links":{"self":[{"href":"https:\/\/www.europesays.com\/se\/wp-json\/wp\/v2\/posts\/105235","targetHints":{"allow":["GET"]}}],"collection":[{"href":"https:\/\/www.europesays.com\/se\/wp-json\/wp\/v2\/posts"}],"about":[{"href":"https:\/\/www.europesays.com\/se\/wp-json\/wp\/v2\/types\/post"}],"author":[{"embeddable":true,"href":"https:\/\/www.europesays.com\/se\/wp-json\/wp\/v2\/users\/2"}],"replies":[{"embeddable":true,"href":"https:\/\/www.europesays.com\/se\/wp-json\/wp\/v2\/comments?post=105235"}],"version-history":[{"count":0,"href":"https:\/\/www.europesays.com\/se\/wp-json\/wp\/v2\/posts\/105235\/revisions"}],"wp:featuredmedia":[{"embeddable":true,"href":"https:\/\/www.europesays.com\/se\/wp-json\/wp\/v2\/media\/105236"}],"wp:attachment":[{"href":"https:\/\/www.europesays.com\/se\/wp-json\/wp\/v2\/media?parent=105235"}],"wp:term":[{"taxonomy":"category","embeddable":true,"href":"https:\/\/www.europesays.com\/se\/wp-json\/wp\/v2\/categories?post=105235"},{"taxonomy":"post_tag","embeddable":true,"href":"https:\/\/www.europesays.com\/se\/wp-json\/wp\/v2\/tags?post=105235"}],"curies":[{"name":"wp","href":"https:\/\/api.w.org\/{rel}","templated":true}]}}