{"id":105243,"date":"2025-12-14T02:36:09","date_gmt":"2025-12-14T02:36:09","guid":{"rendered":"https:\/\/www.europesays.com\/se\/105243\/"},"modified":"2025-12-14T02:36:09","modified_gmt":"2025-12-14T02:36:09","slug":"kristine-stavas-skistad-diskad-norskt-haveri","status":"publish","type":"post","link":"https:\/\/www.europesays.com\/se\/105243\/","title":{"rendered":"Kristine Stav\u00e5s Skistad diskad \u2022 Norskt haveri"},"content":{"rendered":"<p>Publicerad 13 dec 2025 kl 17.21Uppdaterad kl 19.47<\/p>\n<p>Kristine Stav\u00e5s Skistad tog sig till final i sprinten.\u00a0<\/p>\n<p>Sedan blev hon diskad.\u00a0<\/p>\n<p>\u2013 Det var synd, s\u00e4ger norskan. \u00a0<\/p>\n<p>Hagstr\u00f6m i t\u00e5rar efter missen<img loading=\"lazy\"   alt=\"\"\/><\/p>\n<p>Kristine Stav\u00e5s Skistad diskades.<\/p>\n<p>Foto: MAXIM THORE \/ BILDBYR\u00c5N<\/p>\n<p>\u00d6ppna bild i helsk\u00e4rm<img loading=\"lazy\"   alt=\"\"\/> <\/p>\n<p>Foto: MAXIM THORE \/ BILDBYR\u00c5N<\/p>\n<p>\u00d6ppna bild i helsk\u00e4rm<img loading=\"lazy\"   alt=\"\"\/> <\/p>\n<p>Foto: MAXIM THORE \/ BILDBYR\u00c5N<\/p>\n<p>\u00d6ppna bild i helsk\u00e4rm<img loading=\"lazy\"   alt=\"\"\/>\u00d6ppna bild i helsk\u00e4rm<img loading=\"lazy\"   alt=\"\"\/> <\/p>\n<p>Foto: GEPA PICTURES\/ MATTHIAS TRINKL \/ GEPA PICTURES BILDBYR\u00c5N<\/p>\n<p>\u00d6ppna bild i helsk\u00e4rm<\/p>\n<p>I den sista kurvan i f\u00f6rsta semifinalen satte <a href=\"https:\/\/www.expressen.se\/tagg\/person\/kristine-stavas-skistad\/\" class=\"\" rel=\"nofollow noopener\" target=\"_blank\">Kristine Stav\u00e5s Skistad<\/a> in en knuff och st\u00e4ngde Nadine F\u00e4hndrich inf\u00f6r upploppet.\u00a0<\/p>\n<p>Sedan passerade hon Linn Svahn och s\u00e4krade en finalplats.\u00a0<\/p>\n<p>Men kort d\u00e4rp\u00e5 \u00e5kte hon p\u00e5 sitt andra gula kort och diskades fr\u00e5n t\u00e4vlingen efter f\u00f6rseelsen.<\/p>\n<p>\u2013 Det \u00e4r tr\u00e5kigt. Det \u00e4r det. Men s\u00e5 \u00e4r det. Jag kommer bakifr\u00e5n och hon k\u00f6r lugnt och d\u00e5 kommer jag i h\u00f6g fart. Jag k\u00e4nde att det kanske blir ett gult kort. Det var synd n\u00e4r jag hade ett sedan tidigare, s\u00e4ger Stav\u00e5s Skistad.\u00a0<\/p>\n<p>Svenskans utspel\u00a0<\/p>\n<p>Emma Ribom var inte f\u00f6rv\u00e5nad \u00f6ver h\u00e4ndelsen.\u00a0<\/p>\n<p>\u2013 Det \u00e4r inte f\u00f6rsta g\u00e5ngen hon k\u00f6r p\u00e5 gr\u00e4nsen, s\u00e4ger hon.\u00a0<\/p>\n<p>F\u00f6r knappt tv\u00e5 \u00e5r sedan fick Ribom sj\u00e4lv sin sprint <a href=\"https:\/\/www.expressen.se\/sport\/langdskidor\/emma-ribom-i-tarar-efter-krasch\/\" rel=\"nofollow noopener\" target=\"_blank\">f\u00f6rst\u00f6rd av Stav\u00e5s Skistad.<\/a>\u00a0<\/p>\n<p><strong>\u00c4r det karma?<\/strong><\/p>\n<p>\u2013 Ja, s\u00e5 kan man s\u00e4ga.\u00a0<\/p>\n<p>Stav\u00e5s Skistad:\u00a0<\/p>\n<p>\u2013 Kalla det vad du vill. Det \u00e4r olika situationer. Den i dag var v\u00e4l lite v\u00e4rre.\u00a0<\/p>\n<p>F\u00e4hndrich om hur hon upplevde situationen:<\/p>\n<p>\u2013 Jag k\u00e4nde att n\u00e5gon kom bakifr\u00e5n och tryckte ut mig, jag beh\u00f6vde hj\u00e4lp la hela v\u00e4gen ut och tappade mycket.<\/p>\n<p>\u2013 Det \u00e4r alltid sv\u00e5rt att s\u00e4ga om det \u00e4r r\u00e4tt beslut n\u00e4r det h\u00e4nder i ett lopp. Men jag var f\u00f6re och det fanns inte s\u00e5 mycket plats.<\/p>\n<p>Norsk mardr\u00f6m<\/p>\n<p>I och med detta gick Linn Svahn, som var trea i m\u00e5l, vidare till final.\u00a0<\/p>\n<p>Finalen vanns av Jonna Sundling f\u00f6re Mathilde Myhrvold och Nadine F\u00e4hndrich, som tog sig vidare p\u00e5 tid efter situationen med Stav\u00e5s Skistad.\u00a0<\/p>\n<p>Maja Dahlqvist slutade fyra och Linn Svahn femma.\u00a0<\/p>\n<p>Johanna Hagstr\u00f6m och Moa Ilar \u00e5kte ut i kvartsfinal och Emma Ribom i semifinal.\u00a0<\/p>\n<p>Sprinten i Davos utvecklade sig till en norsk mardr\u00f6m. I herrarnas f\u00f6rsta kvartsfinal brakade <a href=\"https:\/\/www.expressen.se\/sport\/langdskidor\/klabo-flyr-fran-arenan-forbannad\/\" rel=\"nofollow noopener\" target=\"_blank\">Johannes H\u00f6sflot Kl\u00e4bo ut direkt.\u00a0<\/a><\/p>\n","protected":false},"excerpt":{"rendered":"Publicerad 13 dec 2025 kl 17.21Uppdaterad kl 19.47 Kristine Stav\u00e5s Skistad tog sig till final i sprinten.\u00a0 Sedan&hellip;\n","protected":false},"author":2,"featured_media":105244,"comment_status":"","ping_status":"","sticky":false,"template":"","format":"standard","meta":{"footnotes":""},"categories":[68],"tags":[10220,34,857,111,110,31,33,32,30],"class_list":{"0":"post-105243","1":"post","2":"type-post","3":"status-publish","4":"format-standard","5":"has-post-thumbnail","7":"category-sport","8":"tag-person-kristine-stavas-skistad","9":"tag-se","10":"tag-sections-langdskidor","11":"tag-sport","12":"tag-sports","13":"tag-svenska","14":"tag-sverige","15":"tag-sweden","16":"tag-swedish"},"share_on_mastodon":{"url":"https:\/\/pubeurope.com\/@se\/115715596819833583","error":""},"_links":{"self":[{"href":"https:\/\/www.europesays.com\/se\/wp-json\/wp\/v2\/posts\/105243","targetHints":{"allow":["GET"]}}],"collection":[{"href":"https:\/\/www.europesays.com\/se\/wp-json\/wp\/v2\/posts"}],"about":[{"href":"https:\/\/www.europesays.com\/se\/wp-json\/wp\/v2\/types\/post"}],"author":[{"embeddable":true,"href":"https:\/\/www.europesays.com\/se\/wp-json\/wp\/v2\/users\/2"}],"replies":[{"embeddable":true,"href":"https:\/\/www.europesays.com\/se\/wp-json\/wp\/v2\/comments?post=105243"}],"version-history":[{"count":0,"href":"https:\/\/www.europesays.com\/se\/wp-json\/wp\/v2\/posts\/105243\/revisions"}],"wp:featuredmedia":[{"embeddable":true,"href":"https:\/\/www.europesays.com\/se\/wp-json\/wp\/v2\/media\/105244"}],"wp:attachment":[{"href":"https:\/\/www.europesays.com\/se\/wp-json\/wp\/v2\/media?parent=105243"}],"wp:term":[{"taxonomy":"category","embeddable":true,"href":"https:\/\/www.europesays.com\/se\/wp-json\/wp\/v2\/categories?post=105243"},{"taxonomy":"post_tag","embeddable":true,"href":"https:\/\/www.europesays.com\/se\/wp-json\/wp\/v2\/tags?post=105243"}],"curies":[{"name":"wp","href":"https:\/\/api.w.org\/{rel}","templated":true}]}}