{"id":105256,"date":"2025-12-14T02:53:19","date_gmt":"2025-12-14T02:53:19","guid":{"rendered":"https:\/\/www.europesays.com\/se\/105256\/"},"modified":"2025-12-14T02:53:19","modified_gmt":"2025-12-14T02:53:19","slug":"tv-ebba-andersson-krossade-motstandet-det-var-anda-smalurigt-tidningen-angermanland","status":"publish","type":"post","link":"https:\/\/www.europesays.com\/se\/105256\/","title":{"rendered":"TV: Ebba Andersson krossade motst\u00e5ndet: \u201dDet var \u00e4nd\u00e5 sm\u00e5lurigt\u201d &#8211; Tidningen \u00c5ngermanland"},"content":{"rendered":"<ol>\n<li><a href=\"https:\/\/news.google.com\/rss\/articles\/CBMiqgFBVV95cUxNVlR4RFp5ZC1kRnRROFZGUllkbHdRbFNESXhHN2tOR0JFX3RWUXZGZ3VxRnhkT256ZU5yUTc2S3F0QmM3QVlFZWc4ZkpjSVYzcUxtQ1lBUktEODg3MXRQcGl2d0NyeWQ2dVQ1S2Y1VEppYmFWc0QtbTVxdTgzMFJKeWMzbXA2Ymd5bVBldHh5MWhxLUxpODltVkNQR1NDNVo0bGhfdjRXWlBLQQ?oc=5\" target=\"_blank\" rel=\"nofollow noopener\">TV: Ebba Andersson krossade motst\u00e5ndet: \u201dDet var \u00e4nd\u00e5 sm\u00e5lurigt\u201d<\/a>&nbsp;&nbsp;Tidningen \u00c5ngermanland<\/li>\n<li><a href=\"https:\/\/news.google.com\/rss\/articles\/CBMikgFBVV95cUxOaXppU01qZjhLMENFSGdtOTFURFU3NmFJSktQbG9iOU05cG5aaW5GX3hnY1QwczdQbnVoOFU5amp1VnFUdzloUF9TTFkxUDNHTmc0c3VxdzRyLWJ6U3lNcUFUcmloZWozb1Rjd0JfM1dsUVUxdi1Relc5TW95UnA4ZTFkUVRieFp4N3lHaXFVcnpCdw?oc=5\" target=\"_blank\" rel=\"nofollow noopener\">Ebbas kross \u2013 vann med tv\u00e5 (!) minuter<\/a>&nbsp;&nbsp;Expressen<\/li>\n<li><a href=\"https:\/\/news.google.com\/rss\/articles\/CBMiugFBVV95cUxONEd1N1lHWk9FRDRncVU1UGJ1MVljZFBNbm95aWhrYThNR2FpbXFxUl9SbzVBZllKX29Ua25GeGptVFJNQVFVcHIyWUQ4cUFvTXNQXy15NUFnOElWeXlvcncyRjVJOHZXMGtxVk1xa05SUG9xdFdRUGRTeDJyWHM5OE9vRHVoX1BqcW5neWMyVTJNWUYxRWpxbEhBVEZ4ZDNKUTVCcm5uTkh3bEZZWGwzQmw1ZmNvaGhKWmc?oc=5\" target=\"_blank\" rel=\"nofollow noopener\">Andersson och Andersson b\u00e4sta svenskar i \u00d6stersund<\/a>&nbsp;&nbsp;Svenska Skidf\u00f6rbundet<\/li>\n<li><a href=\"https:\/\/news.google.com\/rss\/articles\/CBMiwwFBVV95cUxPdGpiQkFrVGlBYlpPWXJrTUtzRjluVUhxMG9FeERRN1lSalFVaHdIY21ULXhHME4tZTFNdWJld2I4U1NaUVplSTBKYXpqaTZlMVlCVmtyWlFDTnFqUTctMTVMVm0xX09MQmVXNld0MTVhZDdReTAxRUZjaDdlSDVPMHIzeGg1UWVMbDU3aXJnbGdqZ0ZEWGE5d21WcnhrWjlQRXR3d1M3Z05odnpoV3FHaEh1ck1BRC1RNnJXRnIxdG1UQXc?oc=5\" target=\"_blank\" rel=\"nofollow noopener\">Norsk dominans i sprinten i Skandinaviska cupen<\/a>&nbsp;&nbsp;Langd.se<\/li>\n<li><a href=\"https:\/\/news.google.com\/rss\/articles\/CBMifEFVX3lxTE9xcXZ6RUFJUTlWUFVUTjhaNExWOVktVjNOSGRON2t6STJNU1M1Ql9nYmVYOVFGZGljZ3E4YjdTOS13d3dudkduQ0d4ckg0M3JRR0dkdkJfeWdEaEVSTzZUUFFob1VETXhxV2tVWjRCcGg4SFlvUzZtQW5VTk8?oc=5\" target=\"_blank\" rel=\"nofollow noopener\">Andersson varvade motst\u00e5ndet i \u00f6verl\u00e4gsen seger<\/a>&nbsp;&nbsp;Omni<\/li>\n<\/ol>\n","protected":false},"excerpt":{"rendered":"TV: Ebba Andersson krossade motst\u00e5ndet: \u201dDet var \u00e4nd\u00e5 sm\u00e5lurigt\u201d&nbsp;&nbsp;Tidningen \u00c5ngermanland Ebbas kross \u2013 vann med tv\u00e5 (!) minuter&nbsp;&nbsp;Expressen&hellip;\n","protected":false},"author":2,"featured_media":104522,"comment_status":"","ping_status":"","sticky":false,"template":"","format":"standard","meta":{"footnotes":""},"categories":[68],"tags":[34,111,110,31,33,32,30],"class_list":{"0":"post-105256","1":"post","2":"type-post","3":"status-publish","4":"format-standard","5":"has-post-thumbnail","7":"category-sport","8":"tag-se","9":"tag-sport","10":"tag-sports","11":"tag-svenska","12":"tag-sverige","13":"tag-sweden","14":"tag-swedish"},"share_on_mastodon":{"url":"https:\/\/pubeurope.com\/@se\/115715663750774912","error":""},"_links":{"self":[{"href":"https:\/\/www.europesays.com\/se\/wp-json\/wp\/v2\/posts\/105256","targetHints":{"allow":["GET"]}}],"collection":[{"href":"https:\/\/www.europesays.com\/se\/wp-json\/wp\/v2\/posts"}],"about":[{"href":"https:\/\/www.europesays.com\/se\/wp-json\/wp\/v2\/types\/post"}],"author":[{"embeddable":true,"href":"https:\/\/www.europesays.com\/se\/wp-json\/wp\/v2\/users\/2"}],"replies":[{"embeddable":true,"href":"https:\/\/www.europesays.com\/se\/wp-json\/wp\/v2\/comments?post=105256"}],"version-history":[{"count":0,"href":"https:\/\/www.europesays.com\/se\/wp-json\/wp\/v2\/posts\/105256\/revisions"}],"wp:featuredmedia":[{"embeddable":true,"href":"https:\/\/www.europesays.com\/se\/wp-json\/wp\/v2\/media\/104522"}],"wp:attachment":[{"href":"https:\/\/www.europesays.com\/se\/wp-json\/wp\/v2\/media?parent=105256"}],"wp:term":[{"taxonomy":"category","embeddable":true,"href":"https:\/\/www.europesays.com\/se\/wp-json\/wp\/v2\/categories?post=105256"},{"taxonomy":"post_tag","embeddable":true,"href":"https:\/\/www.europesays.com\/se\/wp-json\/wp\/v2\/tags?post=105256"}],"curies":[{"name":"wp","href":"https:\/\/api.w.org\/{rel}","templated":true}]}}