{"id":105267,"date":"2025-12-14T03:13:43","date_gmt":"2025-12-14T03:13:43","guid":{"rendered":"https:\/\/www.europesays.com\/se\/105267\/"},"modified":"2025-12-14T03:13:43","modified_gmt":"2025-12-14T03:13:43","slug":"sa-trygga-kanner-sig-aldre-om-sin-privatekonomi","status":"publish","type":"post","link":"https:\/\/www.europesays.com\/se\/105267\/","title":{"rendered":"S\u00e5 trygga k\u00e4nner sig \u00e4ldre om sin privatekonomi"},"content":{"rendered":"<p>Enligt rapporten uppger \u00f6ver 90 procent av personer \u00f6ver 65 \u00e5r att de har tillr\u00e4cklig kunskap f\u00f6r att fatta kloka beslut om sin ekonomi. Det g\u00f6r \u00e4ldre till den grupp med starkast ekonomiskt sj\u00e4lvf\u00f6rtroende. I hela befolkningen ligger motsvarande siffra p\u00e5 79 procent, medan endast 58 procent av unga vuxna mellan 18 och 34 \u00e5r upplever att de har tillr\u00e4cklig kunskap.<\/p>\n<p>Det visar en ny unders\u00f6kning fr\u00e5n Novus, genomf\u00f6rd p\u00e5 uppdrag av j\u00e4mf\u00f6relsetj\u00e4nsten Compricer.<\/p>\n<p><strong>MISSA INTE: <\/strong><a href=\"https:\/\/www.news55.se\/livsstil\/celebriteter\/snackisar-pa-nobelmiddagen-finaste-klanningen-ovantade-gasten\/\" rel=\"nofollow noopener\" target=\"_blank\">Expert: \u201cNu f\u00e5r m\u00e5nga svenskar sv\u00e5rare att g\u00e5 i pension vid 65\u201d<\/a><\/p>\n<p>\u201cSkjuter upp beslut\u201d<\/p>\n<p>\u201cM\u00e5nga vet vad de borde g\u00f6ra, men skjuter \u00e4nd\u00e5 upp besluten. Det beror ofta inte p\u00e5 brist p\u00e5 kunskap, utan p\u00e5 psykologiska hinder som oro, prokrastinering och en r\u00e4dsla f\u00f6r att g\u00f6ra fel\u201d, s\u00e4ger <strong>Christina Sahlberg<\/strong>, sparekonom p\u00e5 Compricer, i ett <a href=\"https:\/\/www.mynewsdesk.com\/se\/compricer\/pressreleases\/ny-rapport-unga-mest-stressade-oever-pengar-men-agerar-minst-3420529\" rel=\"nofollow noopener\" target=\"_blank\">pressmeddelande<\/a>.<\/p>\n<p>Skillnaderna m\u00e4rks \u00e4ven i hur olika \u00e5ldersgrupper k\u00e4nslom\u00e4ssigt f\u00f6rh\u00e5ller sig till pengar. Bara 18 procent av personer \u00f6ver 65 \u00e5r f\u00f6rknippar privatekonomi med stress, f\u00f6rvirring eller \u00e5ngest. Bland unga \u00e4r motsvarande andel n\u00e4stan varannan, 46 procent. Unga beskriver oftare ekonomiska beslut som kr\u00e5ngliga och mentalt p\u00e5frestande, medan \u00e4ldre i betydligt st\u00f6rre utstr\u00e4ckning upplever lugn och kontroll.<\/p>\n","protected":false},"excerpt":{"rendered":"Enligt rapporten uppger \u00f6ver 90 procent av personer \u00f6ver 65 \u00e5r att de har tillr\u00e4cklig kunskap f\u00f6r att&hellip;\n","protected":false},"author":2,"featured_media":105268,"comment_status":"","ping_status":"","sticky":false,"template":"","format":"standard","meta":{"footnotes":""},"categories":[65],"tags":[5444,72,11814,70,71,1421,349,34,6056,1142,31,33,32,30,11815],"class_list":{"0":"post-105267","1":"post","2":"type-post","3":"status-publish","4":"format-standard","5":"has-post-thumbnail","7":"category-ekonomi","8":"tag-aldre","9":"tag-business","10":"tag-compricer","11":"tag-economy","12":"tag-ekonomi","13":"tag-pension","14":"tag-privatekonomi","15":"tag-se","16":"tag-spara-och-placera","17":"tag-sparande","18":"tag-svenska","19":"tag-sverige","20":"tag-sweden","21":"tag-swedish","22":"tag-yngre"},"share_on_mastodon":{"url":"https:\/\/pubeurope.com\/@se\/115715742345104920","error":""},"_links":{"self":[{"href":"https:\/\/www.europesays.com\/se\/wp-json\/wp\/v2\/posts\/105267","targetHints":{"allow":["GET"]}}],"collection":[{"href":"https:\/\/www.europesays.com\/se\/wp-json\/wp\/v2\/posts"}],"about":[{"href":"https:\/\/www.europesays.com\/se\/wp-json\/wp\/v2\/types\/post"}],"author":[{"embeddable":true,"href":"https:\/\/www.europesays.com\/se\/wp-json\/wp\/v2\/users\/2"}],"replies":[{"embeddable":true,"href":"https:\/\/www.europesays.com\/se\/wp-json\/wp\/v2\/comments?post=105267"}],"version-history":[{"count":0,"href":"https:\/\/www.europesays.com\/se\/wp-json\/wp\/v2\/posts\/105267\/revisions"}],"wp:featuredmedia":[{"embeddable":true,"href":"https:\/\/www.europesays.com\/se\/wp-json\/wp\/v2\/media\/105268"}],"wp:attachment":[{"href":"https:\/\/www.europesays.com\/se\/wp-json\/wp\/v2\/media?parent=105267"}],"wp:term":[{"taxonomy":"category","embeddable":true,"href":"https:\/\/www.europesays.com\/se\/wp-json\/wp\/v2\/categories?post=105267"},{"taxonomy":"post_tag","embeddable":true,"href":"https:\/\/www.europesays.com\/se\/wp-json\/wp\/v2\/tags?post=105267"}],"curies":[{"name":"wp","href":"https:\/\/api.w.org\/{rel}","templated":true}]}}