{"id":105269,"date":"2025-12-14T03:16:19","date_gmt":"2025-12-14T03:16:19","guid":{"rendered":"https:\/\/www.europesays.com\/se\/105269\/"},"modified":"2025-12-14T03:16:19","modified_gmt":"2025-12-14T03:16:19","slug":"kvarlevor-upptackta-i-bil-utanfor-lulea","status":"publish","type":"post","link":"https:\/\/www.europesays.com\/se\/105269\/","title":{"rendered":"Kvarlevor uppt\u00e4ckta i bil utanf\u00f6r Lule\u00e5"},"content":{"rendered":"<p>Bilen brann p\u00e5 en privat i v\u00e4g i en by utanf\u00f6r Lule\u00e5, natten mot m\u00e5ndagen den 1 december.Och d\u00e4r l\u00e4mnades den kvar.Dagligen k\u00f6rde och gick folk f\u00f6rbi, ovetandes om att kvarlevorna av en f\u00f6rmodat m\u00f6rdad person fanns i bilen.\u2013 Det var mycket obehagligt, och det k\u00e4nns inte v\u00e4rdigt f\u00f6r den d\u00f6de mannen, s\u00e4ger en boende i omr\u00e5det.Den lokala v\u00e4gf\u00f6reningen b\u00f6rjade till slut a<\/p>\n","protected":false},"excerpt":{"rendered":"Bilen brann p\u00e5 en privat i v\u00e4g i en by utanf\u00f6r Lule\u00e5, natten mot m\u00e5ndagen den 1 december.Och&hellip;\n","protected":false},"author":2,"featured_media":105270,"comment_status":"","ping_status":"","sticky":false,"template":"","format":"standard","meta":{"footnotes":""},"categories":[12],"tags":[22,23,26,27,17,21,24,25,28,29,15,16,18,34,31,33,32,30,19,20],"class_list":{"0":"post-105269","1":"post","2":"type-post","3":"status-publish","4":"format-standard","5":"has-post-thumbnail","7":"category-sverige","8":"tag-breaking-news","9":"tag-breakingnews","10":"tag-featured-news","11":"tag-featurednews","12":"tag-headlines","13":"tag-huvudnyheter","14":"tag-latest-news","15":"tag-latestnews","16":"tag-main-news","17":"tag-mainnews","18":"tag-news","19":"tag-nyheter","20":"tag-rubriker","21":"tag-se","22":"tag-svenska","23":"tag-sverige","24":"tag-sweden","25":"tag-swedish","26":"tag-top-stories","27":"tag-topstories"},"share_on_mastodon":{"url":"https:\/\/pubeurope.com\/@se\/115715754136118117","error":""},"_links":{"self":[{"href":"https:\/\/www.europesays.com\/se\/wp-json\/wp\/v2\/posts\/105269","targetHints":{"allow":["GET"]}}],"collection":[{"href":"https:\/\/www.europesays.com\/se\/wp-json\/wp\/v2\/posts"}],"about":[{"href":"https:\/\/www.europesays.com\/se\/wp-json\/wp\/v2\/types\/post"}],"author":[{"embeddable":true,"href":"https:\/\/www.europesays.com\/se\/wp-json\/wp\/v2\/users\/2"}],"replies":[{"embeddable":true,"href":"https:\/\/www.europesays.com\/se\/wp-json\/wp\/v2\/comments?post=105269"}],"version-history":[{"count":0,"href":"https:\/\/www.europesays.com\/se\/wp-json\/wp\/v2\/posts\/105269\/revisions"}],"wp:featuredmedia":[{"embeddable":true,"href":"https:\/\/www.europesays.com\/se\/wp-json\/wp\/v2\/media\/105270"}],"wp:attachment":[{"href":"https:\/\/www.europesays.com\/se\/wp-json\/wp\/v2\/media?parent=105269"}],"wp:term":[{"taxonomy":"category","embeddable":true,"href":"https:\/\/www.europesays.com\/se\/wp-json\/wp\/v2\/categories?post=105269"},{"taxonomy":"post_tag","embeddable":true,"href":"https:\/\/www.europesays.com\/se\/wp-json\/wp\/v2\/tags?post=105269"}],"curies":[{"name":"wp","href":"https:\/\/api.w.org\/{rel}","templated":true}]}}