{"id":105273,"date":"2025-12-14T03:32:07","date_gmt":"2025-12-14T03:32:07","guid":{"rendered":"https:\/\/www.europesays.com\/se\/105273\/"},"modified":"2025-12-14T03:32:07","modified_gmt":"2025-12-14T03:32:07","slug":"vill-gorasom-i-andra-varldskriget","status":"publish","type":"post","link":"https:\/\/www.europesays.com\/se\/105273\/","title":{"rendered":"Vill g\u00f6ra\nsom i andra v\u00e4rldskriget"},"content":{"rendered":"<p>Publicerad 14 dec 2025 kl 01.43<\/p>\n<p>Sl\u00e4ck all belysning i ryska st\u00e4der p\u00e5 n\u00e4tterna som under andra v\u00e4rldskriget.<\/p>\n<p>Det f\u00f6resl\u00e5r en rysk f\u00f6re detta bef\u00e4lhavare, skriver <a href=\"https:\/\/www.moscowtimes.ru\/2025\/12\/13\/eks-glavkom-zenitnih-voisk-moskvi-predlozhil-otklyuchat-nochnoe-osveschenie-vo-vremya-atak-dronov-a182748\" rel=\"nofollow noopener\" target=\"_blank\">The Moscow Times<\/a>.<\/p>\n<p>Anledningen \u00e4r att man p\u00e5 detta s\u00e4tt skulle f\u00f6rsv\u00e5ra f\u00f6r ukrainska dr\u00f6narattacker.<\/p>\n<p>Senaste klippen om kriget i Ukraina.<img   alt=\"\"\/><\/p>\n<p>Ryska huvudstaden Moskva.<\/p>\n<p>Foto: Moskvas borgm\u00e4stares sajt<\/p>\n<p>\u00d6ppna bild i helsk\u00e4rm<img loading=\"lazy\"   alt=\"\"\/><\/p>\n<p>Vladimir Putin.<\/p>\n<p>Foto: IRANIAN PRESIDENCY \/ STELLA PICTURES<\/p>\n<p>\u00d6ppna bild i helsk\u00e4rm<\/p>\n<p>Det var mycket vanligt att sl\u00e4cka ner st\u00e4der under andra v\u00e4rldskriget som skydd mot flygattacker. All offentlig och privat belysning sl\u00e4cktes eller t\u00e4cktes \u00f6ver med syftet att g\u00f6ra det sv\u00e5rare f\u00f6r fientligt bombflyg att hitta m\u00e5l i m\u00f6rkret.<\/p>\n<p>Nu f\u00f6resl\u00e5r Sergej Khatylev, tidigare \u00f6verste och bef\u00e4lhavare f\u00f6r luftv\u00e4rnstrupperna vid Moskvas specialstyrkor, att man b\u00f6r sl\u00e4cka belysningen i ryska st\u00e4der p\u00e5 n\u00e4tterna som en av \u00e5tg\u00e4rderna f\u00f6r att bek\u00e4mpa ukrainska dr\u00f6nare. Man b\u00f6r ocks\u00e5 blockera internet, enligt Khatylev.<\/p>\n<p>\u2013 M\u00e5nga har en mycket sn\u00e4v f\u00f6rst\u00e5else av denna fr\u00e5ga. De \u00e5tg\u00e4rder som vidtagits inkluderar tekniska, organisatoriska och taktiska, s\u00e4ger Khatylev till Daily Storm.<\/p>\n<p>\u201dSl\u00e4cka lampor p\u00e5 natten\u201d<\/p>\n<p>Ett av de taktiska medlen \u00e4r att \u201dsl\u00e4cka lampor p\u00e5 natten\u201d, enligt Khatylev. Han menade att sl\u00e4ckning av lampor kan bidra till att st\u00f6ra dr\u00f6narnas navigering.<\/p>\n<p>Ukrainska dr\u00f6narattacker mot ryska regioner intensifierades i v\u00e5ras. Sedan dess har regionala myndigheter rutinm\u00e4ssigt st\u00e4ngt av internet f\u00f6r att st\u00f6ra dr\u00f6narnavigeringen.<\/p>\n<p>Det har lett till att ett 50-tal regioner i <a href=\"https:\/\/www.expressen.se\/tagg\/location\/ryssland\/\" class=\"\" rel=\"nofollow noopener\" target=\"_blank\">Ryssland<\/a> har upprepade problem med internet\u00e5tkomst.<\/p>\n<p>\u201dHar en mycket sn\u00e4v f\u00f6rst\u00e5else\u201d<\/p>\n<p>F\u00f6r tv\u00e5 \u00e5r sedan f\u00f6reslog Khatylev att man skulle inf\u00f6ra takvakter f\u00f6r att h\u00e5lla utkik efter dr\u00f6nare fr\u00e5n ukrainska styrkor. Han ans\u00e5g att b\u00e5de civilpersoner och milit\u00e4rveteraner skulle anv\u00e4ndas f\u00f6r detta.<\/p>\n<p>\u2013 Man b\u00f6r organisera den civila lokalbefolkningen att bli luftf\u00f6rsvarsvakter och takvakter. Vi beh\u00f6ver anv\u00e4nda milit\u00e4rveteraner som kan undervisa och ansvara f\u00f6r detta arbete, sade Khatylev 2023.<\/p>\n","protected":false},"excerpt":{"rendered":"Publicerad 14 dec 2025 kl 01.43 Sl\u00e4ck all belysning i ryska st\u00e4der p\u00e5 n\u00e4tterna som under andra v\u00e4rldskriget.&hellip;\n","protected":false},"author":2,"featured_media":105274,"comment_status":"","ping_status":"","sticky":false,"template":"","format":"standard","meta":{"footnotes":""},"categories":[14],"tags":[22,23,26,27,17,21,24,25,274,28,29,15,16,18,34,55,31,33,32,30,19,20,51,52,53,54],"class_list":{"0":"post-105273","1":"post","2":"type-post","3":"status-publish","4":"format-standard","5":"has-post-thumbnail","7":"category-varlden","8":"tag-breaking-news","9":"tag-breakingnews","10":"tag-featured-news","11":"tag-featurednews","12":"tag-headlines","13":"tag-huvudnyheter","14":"tag-latest-news","15":"tag-latestnews","16":"tag-location-ryssland","17":"tag-main-news","18":"tag-mainnews","19":"tag-news","20":"tag-nyheter","21":"tag-rubriker","22":"tag-se","23":"tag-sections-varlden","24":"tag-svenska","25":"tag-sverige","26":"tag-sweden","27":"tag-swedish","28":"tag-top-stories","29":"tag-topstories","30":"tag-varlden","31":"tag-world","32":"tag-world-news","33":"tag-worldnews"},"share_on_mastodon":{"url":"https:\/\/pubeurope.com\/@se\/115715817061940754","error":""},"_links":{"self":[{"href":"https:\/\/www.europesays.com\/se\/wp-json\/wp\/v2\/posts\/105273","targetHints":{"allow":["GET"]}}],"collection":[{"href":"https:\/\/www.europesays.com\/se\/wp-json\/wp\/v2\/posts"}],"about":[{"href":"https:\/\/www.europesays.com\/se\/wp-json\/wp\/v2\/types\/post"}],"author":[{"embeddable":true,"href":"https:\/\/www.europesays.com\/se\/wp-json\/wp\/v2\/users\/2"}],"replies":[{"embeddable":true,"href":"https:\/\/www.europesays.com\/se\/wp-json\/wp\/v2\/comments?post=105273"}],"version-history":[{"count":0,"href":"https:\/\/www.europesays.com\/se\/wp-json\/wp\/v2\/posts\/105273\/revisions"}],"wp:featuredmedia":[{"embeddable":true,"href":"https:\/\/www.europesays.com\/se\/wp-json\/wp\/v2\/media\/105274"}],"wp:attachment":[{"href":"https:\/\/www.europesays.com\/se\/wp-json\/wp\/v2\/media?parent=105273"}],"wp:term":[{"taxonomy":"category","embeddable":true,"href":"https:\/\/www.europesays.com\/se\/wp-json\/wp\/v2\/categories?post=105273"},{"taxonomy":"post_tag","embeddable":true,"href":"https:\/\/www.europesays.com\/se\/wp-json\/wp\/v2\/tags?post=105273"}],"curies":[{"name":"wp","href":"https:\/\/api.w.org\/{rel}","templated":true}]}}