{"id":105277,"date":"2025-12-14T03:36:15","date_gmt":"2025-12-14T03:36:15","guid":{"rendered":"https:\/\/www.europesays.com\/se\/105277\/"},"modified":"2025-12-14T03:36:15","modified_gmt":"2025-12-14T03:36:15","slug":"sjalvmal-bakom-arsenal-seger-mot-wolverhampton","status":"publish","type":"post","link":"https:\/\/www.europesays.com\/se\/105277\/","title":{"rendered":"Sj\u00e4lvm\u00e5l bakom Arsenal seger mot Wolverhampton"},"content":{"rendered":"<p><a data-test-tag=\"internal-link\" href=\"https:\/\/www.aftonbladet.se\/av\/benjamin-hanafi\" class=\"hyperion-css-13ns1rr\" rel=\"nofollow noopener\" target=\"\" aria-label=\"Se alla artiklar av Benjamin Hanafi\"><img decoding=\"async\" class=\"image-asset hyperion-css-n6kkq1\" data-test-tag=\"image-asset\" src=\"https:\/\/www.europesays.com\/se\/wp-content\/uploads\/2025\/12\/1765683373_367_ed296fd6-161a-49a4-8ec7-d71c8d0a5a1b\"  alt=\"\"  loading=\"lazy\" fetchpriority=\"auto\" style=\"aspect-ratio:1900 \/ 1900\"\/><\/a><\/p>\n<p class=\"boxtextgrotesk-root_baa6 hyperion-css-1w346fg\">Publicerad 2025-12-13 22.58<\/p>\n<p>share-arrowDela<\/p>\n<p>unsaveSpara<\/p>\n<p>Lyssna p\u00e5 artikelnLyssna p\u00e5&#8230;<\/p>\n<p class=\"hyperion-css-1shl3oz\" data-test-tag=\"lead-text\">Ingen Arsenal-spelare hittade n\u00e4tet.<\/p>\n<p class=\"hyperion-css-1shl3oz\" data-test-tag=\"lead-text\">Trots det vann Arsenal matchen.<\/p>\n<p class=\"hyperion-css-1shl3oz\" data-test-tag=\"lead-text\">Tv\u00e5 sj\u00e4lvm\u00e5l fixade tre po\u00e4ng mot Wolverhampton.<\/p>\n<p>expand-left<\/p>\n<p>helsk\u00e4rm<img decoding=\"async\" class=\"image-asset hyperion-css-u06ts1\" data-test-tag=\"image-asset\" src=\"https:\/\/www.europesays.com\/se\/wp-content\/uploads\/2025\/12\/ea2cbbb1-4c9b-4fe1-aa4d-32ff36434804\"  alt=\"\"  loading=\"eager\" fetchpriority=\"high\" style=\"aspect-ratio:1900 \/ 1267\"\/> Foto: Richard Heathcote \/ Getty Images<\/p>\n<p class=\"hyperion-css-1v9qo5x\">N\u00e4r tabelljumbon kvitterade i 90:e minuten s\u00e5g det ut som Arsenal skulle tappa tv\u00e5 po\u00e4ng.<\/p>\n<p class=\"hyperion-css-1v9qo5x\">Men i den 94:e minuten nickade Wolverhamptons mittback Yerson Mosquera in Bukayo Sakas inspel i eget n\u00e4t.<\/p>\n<p class=\"hyperion-css-1v9qo5x\">Det blev seger med 2\u20131.<\/p>\n<p>Nionde raka hemmasegern<\/p>\n<p class=\"hyperion-css-1v9qo5x\">\u2013 Ibland beh\u00f6ver man tur och i dag gick det v\u00e5r v\u00e4g. Vi tar med oss tre po\u00e4ng och forts\u00e4tter fram\u00e5t, s\u00e4ger Bukayo Saka i Prime Videos s\u00e4ndning.<\/p>\n<p class=\"hyperion-css-1v9qo5x\">Det var nionde raka hemmasegern f\u00f6r Arsenal, alla t\u00e4vlingar inr\u00e4knade.<\/p>\n<p class=\"hyperion-css-1v9qo5x\">\u2013 Vi vill f\u00e5 lagen att veta att det kommer att bli tufft f\u00f6r dem p\u00e5 Emirates. Det kommer inte att bli en l\u00e4tt dag n\u00e4r man spelar h\u00e4r, s\u00e4ger Saka.<\/p>\n<p>Gy\u00f6keres utbytt m\u00e5ll\u00f6s<\/p>\n<p class=\"hyperion-css-1v9qo5x\">Viktor Gy\u00f6keres spelade fr\u00e5n start men hittade inte n\u00e4tet. I 81:a minuten blev svensken utbytt.<\/p>\n<p class=\"hyperion-css-1v9qo5x\">Arsenal leder <a data-test-tag=\"internal-link\" href=\"https:\/\/www.aftonbladet.se\/tagg\/premier-league\" class=\"hyperion-css-15jkft9\" rel=\"nofollow noopener\" target=\"\" aria-label=\"Premier League\" theme=\"sportbladet\">Premier League<\/a> fem po\u00e4ng f\u00f6re Manchester City, som m\u00f6ter Crystal Palace imorgon.<\/p>\n<p class=\"hyperion-css-1v9qo5x\">Wolverhamptons ligger toksist med 2 po\u00e4ng p\u00e5 16 omg\u00e5ngar.<\/p>\n<p>chevron-leftf\u00f6reg\u00e5ende<\/p>\n<ul class=\"carousel-container-viewport\" style=\"transform:translate3d(0%, 0, 0)\">\n<li class=\"carousel-slide\" style=\"z-index:1;filter:none(1);padding-bottom:66.68421%\"><img decoding=\"async\" class=\"image-asset hyperion-css-u06ts1\" data-test-tag=\"image-asset\" src=\"https:\/\/www.europesays.com\/se\/wp-content\/uploads\/2025\/12\/c7a04be1-2cd2-45c5-b39d-88df6ba31a98\"  alt=\"\"  fetchpriority=\"auto\" style=\"aspect-ratio:1900 \/ 1267\"\/><\/li>\n<li class=\"carousel-slide\" style=\"filter:none(0.3);padding-bottom:66.68421%\"><img decoding=\"async\" class=\"image-asset hyperion-css-u06ts1\" data-test-tag=\"image-asset\" src=\"https:\/\/www.europesays.com\/se\/wp-content\/uploads\/2025\/12\/10e3f17c-7dd9-4b55-99d9-d4167dca9feb\"  alt=\"\"  fetchpriority=\"auto\" style=\"aspect-ratio:1900 \/ 1322\"\/><\/li>\n<\/ul>\n<p>expand-left<\/p>\n<p>helsk\u00e4rmchevron-rightn\u00e4staViktor Gy\u00f6keres blev utbytt mot Gabriel Jesus.<\/p>\n<p>1 \/ 2Foto: Richard Pelham \/ AP<\/p>\n<p>H\u00e4ndelserInb\u00f6rdes m\u00f6ten5 senasteLaguppst\u00e4llningTabell<\/p>\n<p>Arena: Emirates StadiumDomare: Robert Jones<\/p>\n<ul class=\"eventperiod-eventList_faaa\">\n<li class=\"eventrow-eventRow_630f\">\n<p><b>M. Lewis-Skelly<\/b>\u00a0B. White<\/p>\n<p>30&#8242;<\/p>\n<\/li>\n<\/ul>\n<ul class=\"eventperiod-eventList_faaa\">\n<li class=\"eventrow-eventRow_630f\">\n<p><b>L. Trossard<\/b>\u00a0G. Martinelli<\/p>\n<p>57&#8242;<\/p>\n<\/li>\n<li class=\"eventrow-eventRow_630f\">\n<p>58&#8242;<\/p>\n<\/li>\n<li class=\"eventrow-eventRow_630f\">\n<p>60&#8242;<\/p>\n<\/li>\n<li class=\"eventrow-eventRow_630f\">\n<p>65&#8242;<\/p>\n<\/li>\n<li class=\"eventrow-eventRow_630f\">\n<p>69&#8242;<\/p>\n<p><b>J. Tchatchoua<\/b>\u00a0M. Doherty<\/p>\n<\/li>\n<li class=\"eventrow-eventRow_630f\">\n<p> <b>S. Johnstone\u00a0(1-0)\u00a0(sm)<\/b><\/p>\n<p>70&#8242;<\/p>\n<\/li>\n<li class=\"eventrow-eventRow_630f\">\n<p>79&#8242;<\/p>\n<p><b>F. Lopez Gonzalez<\/b>\u00a0L. Krejci II<\/p>\n<\/li>\n<li class=\"eventrow-eventRow_630f\">\n<p>80&#8242;<\/p>\n<\/li>\n<li class=\"eventrow-eventRow_630f\">\n<p>81&#8242;<\/p>\n<\/li>\n<li class=\"eventrow-eventRow_630f\">\n<p>86&#8242;<\/p>\n<\/li>\n<li class=\"eventrow-eventRow_630f\">\n<p>90&#8242;<\/p>\n<p>M. Mane <b>T. Arokodare\u00a0(1-1)\u00a0<\/b><\/p>\n<\/li>\n<li class=\"eventrow-eventRow_630f\">\n<p>90&#8217;+4<\/p>\n<\/li>\n<li class=\"eventrow-eventRow_630f\">\n<p>90&#8217;+6<\/p>\n<\/li>\n<li class=\"eventrow-eventRow_630f\">\n<p>90&#8217;+8<\/p>\n<\/li>\n<\/ul>\n<p><a class=\"default eventsummary-followLink_0f93 hyperion-css-1u8qly9\" href=\"https:\/\/malservice.aftonbladet.se\/match\/_\/699406\/rapport\" target=\"_blank\" rel=\"noopener noreferrer nofollow\" data-test-tag=\"external-link\">L\u00e4s mer p\u00e5 M\u00e5lservicechevron-right<\/a><\/p>\n","protected":false},"excerpt":{"rendered":"Publicerad 2025-12-13 22.58 share-arrowDela unsaveSpara Lyssna p\u00e5 artikelnLyssna p\u00e5&#8230; Ingen Arsenal-spelare hittade n\u00e4tet. Trots det vann Arsenal matchen.&hellip;\n","protected":false},"author":2,"featured_media":105278,"comment_status":"","ping_status":"","sticky":false,"template":"","format":"standard","meta":{"footnotes":""},"categories":[68],"tags":[34,111,110,31,33,32,30],"class_list":{"0":"post-105277","1":"post","2":"type-post","3":"status-publish","4":"format-standard","5":"has-post-thumbnail","7":"category-sport","8":"tag-se","9":"tag-sport","10":"tag-sports","11":"tag-svenska","12":"tag-sverige","13":"tag-sweden","14":"tag-swedish"},"share_on_mastodon":{"url":"https:\/\/pubeurope.com\/@se\/115715832958482800","error":""},"_links":{"self":[{"href":"https:\/\/www.europesays.com\/se\/wp-json\/wp\/v2\/posts\/105277","targetHints":{"allow":["GET"]}}],"collection":[{"href":"https:\/\/www.europesays.com\/se\/wp-json\/wp\/v2\/posts"}],"about":[{"href":"https:\/\/www.europesays.com\/se\/wp-json\/wp\/v2\/types\/post"}],"author":[{"embeddable":true,"href":"https:\/\/www.europesays.com\/se\/wp-json\/wp\/v2\/users\/2"}],"replies":[{"embeddable":true,"href":"https:\/\/www.europesays.com\/se\/wp-json\/wp\/v2\/comments?post=105277"}],"version-history":[{"count":0,"href":"https:\/\/www.europesays.com\/se\/wp-json\/wp\/v2\/posts\/105277\/revisions"}],"wp:featuredmedia":[{"embeddable":true,"href":"https:\/\/www.europesays.com\/se\/wp-json\/wp\/v2\/media\/105278"}],"wp:attachment":[{"href":"https:\/\/www.europesays.com\/se\/wp-json\/wp\/v2\/media?parent=105277"}],"wp:term":[{"taxonomy":"category","embeddable":true,"href":"https:\/\/www.europesays.com\/se\/wp-json\/wp\/v2\/categories?post=105277"},{"taxonomy":"post_tag","embeddable":true,"href":"https:\/\/www.europesays.com\/se\/wp-json\/wp\/v2\/tags?post=105277"}],"curies":[{"name":"wp","href":"https:\/\/api.w.org\/{rel}","templated":true}]}}