{"id":105281,"date":"2025-12-14T03:40:29","date_gmt":"2025-12-14T03:40:29","guid":{"rendered":"https:\/\/www.europesays.com\/se\/105281\/"},"modified":"2025-12-14T03:40:29","modified_gmt":"2025-12-14T03:40:29","slug":"presidentvalet-i-chile-kommunister-eller-ytterhoger","status":"publish","type":"post","link":"https:\/\/www.europesays.com\/se\/105281\/","title":{"rendered":"Presidentvalet i Chile: Kommunister eller ytterh\u00f6ger"},"content":{"rendered":"<p>            <a href=\"https:\/\/tidningensyre.se\/sektion\/radar\/\" class=\"article__breadcrumb-link article__breadcrumb-link--magenta\" rel=\"nofollow noopener\" target=\"_blank\">Radar<\/a><br \/>\n             \u00b7 Utrikes<\/p>\n<p>\n            Publicerad 12 timmar sedan\n        <\/p>\n<p>\n                    Presidentkandidaterna Jos\u00e9 Antonio Kast fr\u00e5n Republikanska partiet och Jeannette Jara fr\u00e5n koalitionen Unity for Chile skakar hand under en debatt inf\u00f6r andra omg\u00e5ngen av presidentvalet i Santiago, Chile, tisdag den 9 december 2025.  Foto: Esteban Felix\/AP\/TT\n            <\/p>\n<p class=\"article__paragraph\">I Chiles presidentval g\u00e5r det till en andra omg\u00e5ng i morgon, den 14 december, d\u00e4r v\u00e4nsterkandidaten Jeannette Jara st\u00e4lls mot den \u201dultrakonsservativa\u201d Jos\u00e9 Antonio Kast. <\/p>\n<p class=\"article__paragraph\">I den f\u00f6rsta omg\u00e5ngen fick Jeannette Jara omkring 26,85 procent av r\u00f6sterna, medan Jos\u00e9 Antonio Kast fick cirka 23,93 procent. Fler h\u00f6gerkandidater splittrade blocket i f\u00f6rsta omg\u00e5ngen, vilket enligt flera bed\u00f6mare g\u00f6r Kast till favorit.<\/p>\n<p class=\"article__paragraph\">Inf\u00f6r andra omg\u00e5ngen visar <a href=\"https:\/\/noticias.unab.cl\/encuestas-segunda-vuelta-presidencial-kast-vs-jara\/?utm_source=chatgpt.com\" target=\"_blank\" rel=\"noopener nofollow\">opinionsunders\u00f6kningar<\/a> att Kast ligger p\u00e5 cirka <a href=\"https:\/\/brevenoticia.cl\/noticias-politicas\/23-11-2025\/kast-lidera-en-encuestas-panel-ciudadano-udd-y-criteria-capta-mayoria-de-votos-de-parisi-matthei-y-casi-todos-los-de-kaiser-rumbo-a-la-segunda-vuelta\/?utm_source=chatgpt.com\" target=\"_blank\" rel=\"noopener nofollow\">50\u201359\u202fprocent<\/a> medan Jara f\u00e5r omkring <a href=\"https:\/\/www.emol.com\/noticias\/Nacional\/2025\/11\/29\/1184584\/pulso-ciudadano-encuesta-eleccion-presidencial.html?utm_source=chatgpt.com\" target=\"_blank\" rel=\"noopener nofollow\">33\u201342\u202fprocent<\/a>, vilket tyder p\u00e5 att Kast samlar st\u00f6rre delen av h\u00f6gerv\u00e4ljarna fr\u00e5n f\u00f6rsta omg\u00e5ngen.<\/p>\n<p class=\"article__paragraph\"><a href=\"https:\/\/en.wikipedia.org\/wiki\/Jeannette_Jara?utm_source=chatgpt.com\" target=\"_blank\" rel=\"noopener nofollow\">Jeannette Jara<\/a> har en bakgrund i kommunistpartiet och har under kampanjen drivit fr\u00e5gor om sociala reformer, arbetsr\u00e4tt och v\u00e4lf\u00e4rd. <a href=\"https:\/\/es.wikipedia.org\/wiki\/Jos%C3%A9_Antonio_Kast?utm_source=chatgpt.com\" target=\"_blank\" rel=\"noopener nofollow\">Jos\u00e9 Antonio Kast<\/a> \u00e4r ultrakonservativ och har fokuserat p\u00e5 fr\u00e5gor om s\u00e4kerhet, migration och h\u00e5rdare straffsystem.<\/p>\n<p class=\"article__paragraph\">Enligt <a href=\"https:\/\/www.ciperchile.cl\/2025\/11\/13\/las-principales-fake-news-y-tergiversaciones-de-49-candidatos-republicanos-comunistas-y-del-frente-amplio\/?utm_source=chatgpt.com\" target=\"_blank\" rel=\"noopener nofollow\">CIPER Chile<\/a> finns en grupp v\u00e4ljare som inte alltid f\u00e5ngas i traditionella opinionsm\u00e4tningar \u2013 s\u00e5 kallade \u201cunderground\u2011v\u00e4ljarna\u201d. Hur v\u00e4l kandidaterna lyckas n\u00e5 dessa v\u00e4ljare i sociala medier kan bli avg\u00f6rande f\u00f6r utfallet av andra omg\u00e5ngen. CIPER har ocks\u00e5 dokumenterat hur kandidater sprider missvisande information i sociala medier.<\/p>\n","protected":false},"excerpt":{"rendered":"Radar \u00b7 Utrikes Publicerad 12 timmar sedan Presidentkandidaterna Jos\u00e9 Antonio Kast fr\u00e5n Republikanska partiet och Jeannette Jara fr\u00e5n&hellip;\n","protected":false},"author":2,"featured_media":105282,"comment_status":"","ping_status":"","sticky":false,"template":"","format":"standard","meta":{"footnotes":""},"categories":[14],"tags":[22,23,26,27,17,21,24,25,28,29,15,16,18,34,31,33,32,30,19,20,51,52,53,54],"class_list":{"0":"post-105281","1":"post","2":"type-post","3":"status-publish","4":"format-standard","5":"has-post-thumbnail","7":"category-varlden","8":"tag-breaking-news","9":"tag-breakingnews","10":"tag-featured-news","11":"tag-featurednews","12":"tag-headlines","13":"tag-huvudnyheter","14":"tag-latest-news","15":"tag-latestnews","16":"tag-main-news","17":"tag-mainnews","18":"tag-news","19":"tag-nyheter","20":"tag-rubriker","21":"tag-se","22":"tag-svenska","23":"tag-sverige","24":"tag-sweden","25":"tag-swedish","26":"tag-top-stories","27":"tag-topstories","28":"tag-varlden","29":"tag-world","30":"tag-world-news","31":"tag-worldnews"},"share_on_mastodon":{"url":"https:\/\/pubeurope.com\/@se\/115715848467149311","error":""},"_links":{"self":[{"href":"https:\/\/www.europesays.com\/se\/wp-json\/wp\/v2\/posts\/105281","targetHints":{"allow":["GET"]}}],"collection":[{"href":"https:\/\/www.europesays.com\/se\/wp-json\/wp\/v2\/posts"}],"about":[{"href":"https:\/\/www.europesays.com\/se\/wp-json\/wp\/v2\/types\/post"}],"author":[{"embeddable":true,"href":"https:\/\/www.europesays.com\/se\/wp-json\/wp\/v2\/users\/2"}],"replies":[{"embeddable":true,"href":"https:\/\/www.europesays.com\/se\/wp-json\/wp\/v2\/comments?post=105281"}],"version-history":[{"count":0,"href":"https:\/\/www.europesays.com\/se\/wp-json\/wp\/v2\/posts\/105281\/revisions"}],"wp:featuredmedia":[{"embeddable":true,"href":"https:\/\/www.europesays.com\/se\/wp-json\/wp\/v2\/media\/105282"}],"wp:attachment":[{"href":"https:\/\/www.europesays.com\/se\/wp-json\/wp\/v2\/media?parent=105281"}],"wp:term":[{"taxonomy":"category","embeddable":true,"href":"https:\/\/www.europesays.com\/se\/wp-json\/wp\/v2\/categories?post=105281"},{"taxonomy":"post_tag","embeddable":true,"href":"https:\/\/www.europesays.com\/se\/wp-json\/wp\/v2\/tags?post=105281"}],"curies":[{"name":"wp","href":"https:\/\/api.w.org\/{rel}","templated":true}]}}