{"id":105297,"date":"2025-12-14T04:54:14","date_gmt":"2025-12-14T04:54:14","guid":{"rendered":"https:\/\/www.europesays.com\/se\/105297\/"},"modified":"2025-12-14T04:54:14","modified_gmt":"2025-12-14T04:54:14","slug":"ett-brutalt-overfall-bandypuls","status":"publish","type":"post","link":"https:\/\/www.europesays.com\/se\/105297\/","title":{"rendered":"\u201dEtt brutalt \u00f6verfall\u201d \u2013 Bandypuls"},"content":{"rendered":"<p>Oscar Wikblads skada \u00e4r v\u00e4rre \u00e4n vad man f\u00f6rst trodde.<\/p>\n<p>Br\u00f6stbenet blev intryckt efter sm\u00e4llen fr\u00e5n Sirius landslagsf\u00f6rsvarare Simon Blomqvist \u2013 n\u00e5got som f\u00e5r Edsbyns tr\u00e4nare Daniel Skarps att ilskna till.<\/p>\n<p>\u2013 Han anv\u00e4nder klubban som en lans rakt in i br\u00f6stet, s\u00e4ger han.<\/p>\n<p>Blomqvist sj\u00e4lv avb\u00f6jer att kommentera situationen.<\/p>\n<p>N\u00e4r Bandypuls pratade med Daniel Skarps tidigt p\u00e5 l\u00f6rdagen s\u00e5 hade han inte p\u00e5 allvar granskat bilderna p\u00e5 Oscar Wikblads skada och sade att \u201djag uppfattar det som att han g\u00e5r in med axeln, men jag har inte kollat s\u00e5 n\u00e4ra p\u00e5 situationen\u201d.<\/p>\n<p>Tekniskt fel<\/p>\n<p class=\"message__text txt-ui txt-ui-2\">V\u00e4nligen f\u00f6rs\u00f6k igen senare.<\/p>\n<p>Den h\u00e4r artikeln \u00e4r bara f\u00f6r prenumeranter<\/p>\n<p class=\"txt-body txt-body-1\">Om du redan \u00e4r prenumerant: logga in!<\/p>\n","protected":false},"excerpt":{"rendered":"Oscar Wikblads skada \u00e4r v\u00e4rre \u00e4n vad man f\u00f6rst trodde. Br\u00f6stbenet blev intryckt efter sm\u00e4llen fr\u00e5n Sirius landslagsf\u00f6rsvarare&hellip;\n","protected":false},"author":2,"featured_media":105298,"comment_status":"","ping_status":"","sticky":false,"template":"","format":"standard","meta":{"footnotes":""},"categories":[5],"tags":[22,23,26,27,17,21,24,25,28,29,15,16,18,34,31,33,32,30,19,20],"class_list":{"0":"post-105297","1":"post","2":"type-post","3":"status-publish","4":"format-standard","5":"has-post-thumbnail","7":"category-rubriker","8":"tag-breaking-news","9":"tag-breakingnews","10":"tag-featured-news","11":"tag-featurednews","12":"tag-headlines","13":"tag-huvudnyheter","14":"tag-latest-news","15":"tag-latestnews","16":"tag-main-news","17":"tag-mainnews","18":"tag-news","19":"tag-nyheter","20":"tag-rubriker","21":"tag-se","22":"tag-svenska","23":"tag-sverige","24":"tag-sweden","25":"tag-swedish","26":"tag-top-stories","27":"tag-topstories"},"share_on_mastodon":{"url":"https:\/\/pubeurope.com\/@se\/115716139425417402","error":""},"_links":{"self":[{"href":"https:\/\/www.europesays.com\/se\/wp-json\/wp\/v2\/posts\/105297","targetHints":{"allow":["GET"]}}],"collection":[{"href":"https:\/\/www.europesays.com\/se\/wp-json\/wp\/v2\/posts"}],"about":[{"href":"https:\/\/www.europesays.com\/se\/wp-json\/wp\/v2\/types\/post"}],"author":[{"embeddable":true,"href":"https:\/\/www.europesays.com\/se\/wp-json\/wp\/v2\/users\/2"}],"replies":[{"embeddable":true,"href":"https:\/\/www.europesays.com\/se\/wp-json\/wp\/v2\/comments?post=105297"}],"version-history":[{"count":0,"href":"https:\/\/www.europesays.com\/se\/wp-json\/wp\/v2\/posts\/105297\/revisions"}],"wp:featuredmedia":[{"embeddable":true,"href":"https:\/\/www.europesays.com\/se\/wp-json\/wp\/v2\/media\/105298"}],"wp:attachment":[{"href":"https:\/\/www.europesays.com\/se\/wp-json\/wp\/v2\/media?parent=105297"}],"wp:term":[{"taxonomy":"category","embeddable":true,"href":"https:\/\/www.europesays.com\/se\/wp-json\/wp\/v2\/categories?post=105297"},{"taxonomy":"post_tag","embeddable":true,"href":"https:\/\/www.europesays.com\/se\/wp-json\/wp\/v2\/tags?post=105297"}],"curies":[{"name":"wp","href":"https:\/\/api.w.org\/{rel}","templated":true}]}}