{"id":105302,"date":"2025-12-14T05:18:11","date_gmt":"2025-12-14T05:18:11","guid":{"rendered":"https:\/\/www.europesays.com\/se\/105302\/"},"modified":"2025-12-14T05:18:11","modified_gmt":"2025-12-14T05:18:11","slug":"manniskohandel-styrs-ofta-fran-utlandet","status":"publish","type":"post","link":"https:\/\/www.europesays.com\/se\/105302\/","title":{"rendered":"M\u00e4nniskohandel styrs ofta fr\u00e5n utlandet"},"content":{"rendered":"<p>\u201dDigitala hallickar\u201d rekryterar kvinnor till Sverige fr\u00e5n bland annat Sydamerika och Ukraina och styr sedan hela verksamheten online, rapporterar Sveriges radio Ekot.<\/p>\n<p>\u2013 Man har aldrig ens tr\u00e4ffat sin m\u00e4nniskohandlare utan man \u00e4r rekryterad digitalt f\u00f6r att exploateras i Sverige och allting styrs via den h\u00e4r callcenterna, s\u00e4ger Janna Davidsson, polisens nationella rapport\u00f6r till Ekot.<\/p>\n","protected":false},"excerpt":{"rendered":"\u201dDigitala hallickar\u201d rekryterar kvinnor till Sverige fr\u00e5n bland annat Sydamerika och Ukraina och styr sedan hela verksamheten online,&hellip;\n","protected":false},"author":2,"featured_media":105303,"comment_status":"","ping_status":"","sticky":false,"template":"","format":"standard","meta":{"footnotes":""},"categories":[5],"tags":[22,23,26,27,17,21,24,25,28,29,15,16,18,34,31,33,32,30,19,20],"class_list":{"0":"post-105302","1":"post","2":"type-post","3":"status-publish","4":"format-standard","5":"has-post-thumbnail","7":"category-rubriker","8":"tag-breaking-news","9":"tag-breakingnews","10":"tag-featured-news","11":"tag-featurednews","12":"tag-headlines","13":"tag-huvudnyheter","14":"tag-latest-news","15":"tag-latestnews","16":"tag-main-news","17":"tag-mainnews","18":"tag-news","19":"tag-nyheter","20":"tag-rubriker","21":"tag-se","22":"tag-svenska","23":"tag-sverige","24":"tag-sweden","25":"tag-swedish","26":"tag-top-stories","27":"tag-topstories"},"share_on_mastodon":{"url":"https:\/\/pubeurope.com\/@se\/115716233829095009","error":""},"_links":{"self":[{"href":"https:\/\/www.europesays.com\/se\/wp-json\/wp\/v2\/posts\/105302","targetHints":{"allow":["GET"]}}],"collection":[{"href":"https:\/\/www.europesays.com\/se\/wp-json\/wp\/v2\/posts"}],"about":[{"href":"https:\/\/www.europesays.com\/se\/wp-json\/wp\/v2\/types\/post"}],"author":[{"embeddable":true,"href":"https:\/\/www.europesays.com\/se\/wp-json\/wp\/v2\/users\/2"}],"replies":[{"embeddable":true,"href":"https:\/\/www.europesays.com\/se\/wp-json\/wp\/v2\/comments?post=105302"}],"version-history":[{"count":0,"href":"https:\/\/www.europesays.com\/se\/wp-json\/wp\/v2\/posts\/105302\/revisions"}],"wp:featuredmedia":[{"embeddable":true,"href":"https:\/\/www.europesays.com\/se\/wp-json\/wp\/v2\/media\/105303"}],"wp:attachment":[{"href":"https:\/\/www.europesays.com\/se\/wp-json\/wp\/v2\/media?parent=105302"}],"wp:term":[{"taxonomy":"category","embeddable":true,"href":"https:\/\/www.europesays.com\/se\/wp-json\/wp\/v2\/categories?post=105302"},{"taxonomy":"post_tag","embeddable":true,"href":"https:\/\/www.europesays.com\/se\/wp-json\/wp\/v2\/tags?post=105302"}],"curies":[{"name":"wp","href":"https:\/\/api.w.org\/{rel}","templated":true}]}}