{"id":105304,"date":"2025-12-14T05:21:21","date_gmt":"2025-12-14T05:21:21","guid":{"rendered":"https:\/\/www.europesays.com\/se\/105304\/"},"modified":"2025-12-14T05:21:21","modified_gmt":"2025-12-14T05:21:21","slug":"prinsessan-christina-blev-inte-inbjuden-till-nobelfesten","status":"publish","type":"post","link":"https:\/\/www.europesays.com\/se\/105304\/","title":{"rendered":"Prinsessan Christina blev inte inbjuden till Nobelfesten"},"content":{"rendered":"<p>Prinsessan <strong>Christina<\/strong>, 81, och maken <strong>Tord Magnuson<\/strong>, 83, har varit trogna g\u00e4ster vid Nobelfestligheterna i Stockholm i flera decennier, ofta sittandes vid honn\u00f6rsbordet och i samtal med pristagare och kungligheter.<\/p>\n<p>Valde bort festen 2024<img loading=\"lazy\" decoding=\"async\" width=\"1024\" height=\"512\" src=\"https:\/\/www.europesays.com\/se\/wp-content\/uploads\/2025\/12\/Namnlos-design-2025-12-13T183502.544-1024x512.png\" alt=\"\" class=\"wp-image-1166906\"  \/>Tord Magnusson och prinsessan Christina p\u00e5 premi\u00e4ren av den svenska dokument\u00e4rfilmen \u201cAlexandra \u2013 syns vi inte finns vi inte\u201d p\u00e5 Bio Skandia i Stockholm. (Foto: Claudio Bresciani)<\/p>\n<p>Tord Magnuson och prinsessan Christina n\u00e4rvarade inte p\u00e5 Nobelmiddagen 2024. D\u00e5 sa Tord att det var trevligt att sl\u00e4ppa fram nya g\u00e4ster. <\/p>\n<p>\u201cHar man varit med 48 g\u00e5nger eller mer s\u00e5 kan man g\u00e4rna l\u00e4mna plats f\u00f6r andra g\u00e4ster. Vi tar det lugnt framf\u00f6r TV:n f\u00f6r omv\u00e4xlingens skull\u201d, f\u00f6rklarade Tord Magnuson d\u00e5 f\u00f6r <a href=\"https:\/\/www.svenskdam.se\/noje\/kikki-danielsson-drabbad-av-obotlig-sjukdom-ont-overallt\/11186172?second_article=true\" rel=\"nofollow noopener\" target=\"_blank\">Svensk Damtidning<\/a>.<\/p>\n<p><strong>L\u00e4s \u00e4ven:<\/strong> <a href=\"https:\/\/www.news55.se\/livsstil\/celebriteter\/drottning-silvia-pratar-tyska-med-barnbarnen\/\" rel=\"nofollow noopener\" target=\"_blank\">Drottning Silvia pratar tyska med barnbarnen<\/a><\/p>\n","protected":false},"excerpt":{"rendered":"Prinsessan Christina, 81, och maken Tord Magnuson, 83, har varit trogna g\u00e4ster vid Nobelfestligheterna i Stockholm i flera&hellip;\n","protected":false},"author":2,"featured_media":105305,"comment_status":"","ping_status":"","sticky":false,"template":"","format":"standard","meta":{"footnotes":""},"categories":[67],"tags":[104,11817,1910,11660,4824,11818,34,31,33,32,30,105],"class_list":{"0":"post-105304","1":"post","2":"type-post","3":"status-publish","4":"format-standard","5":"has-post-thumbnail","7":"category-underhallning","8":"tag-entertainment","9":"tag-hovet","10":"tag-kungahuset","11":"tag-nobelfesten","12":"tag-nobelpriset","13":"tag-prinsessan-christina","14":"tag-se","15":"tag-svenska","16":"tag-sverige","17":"tag-sweden","18":"tag-swedish","19":"tag-underhallning"},"share_on_mastodon":{"url":"https:\/\/pubeurope.com\/@se\/115716245798997520","error":""},"_links":{"self":[{"href":"https:\/\/www.europesays.com\/se\/wp-json\/wp\/v2\/posts\/105304","targetHints":{"allow":["GET"]}}],"collection":[{"href":"https:\/\/www.europesays.com\/se\/wp-json\/wp\/v2\/posts"}],"about":[{"href":"https:\/\/www.europesays.com\/se\/wp-json\/wp\/v2\/types\/post"}],"author":[{"embeddable":true,"href":"https:\/\/www.europesays.com\/se\/wp-json\/wp\/v2\/users\/2"}],"replies":[{"embeddable":true,"href":"https:\/\/www.europesays.com\/se\/wp-json\/wp\/v2\/comments?post=105304"}],"version-history":[{"count":0,"href":"https:\/\/www.europesays.com\/se\/wp-json\/wp\/v2\/posts\/105304\/revisions"}],"wp:featuredmedia":[{"embeddable":true,"href":"https:\/\/www.europesays.com\/se\/wp-json\/wp\/v2\/media\/105305"}],"wp:attachment":[{"href":"https:\/\/www.europesays.com\/se\/wp-json\/wp\/v2\/media?parent=105304"}],"wp:term":[{"taxonomy":"category","embeddable":true,"href":"https:\/\/www.europesays.com\/se\/wp-json\/wp\/v2\/categories?post=105304"},{"taxonomy":"post_tag","embeddable":true,"href":"https:\/\/www.europesays.com\/se\/wp-json\/wp\/v2\/tags?post=105304"}],"curies":[{"name":"wp","href":"https:\/\/api.w.org\/{rel}","templated":true}]}}