{"id":105327,"date":"2025-12-14T05:53:13","date_gmt":"2025-12-14T05:53:13","guid":{"rendered":"https:\/\/www.europesays.com\/se\/105327\/"},"modified":"2025-12-14T05:53:13","modified_gmt":"2025-12-14T05:53:13","slug":"tvingas-sta-over-tavlingarna-i-ostersund-helt-otroligt-ostersunds-posten","status":"publish","type":"post","link":"https:\/\/www.europesays.com\/se\/105327\/","title":{"rendered":"Tvingas st\u00e5 \u00f6ver t\u00e4vlingarna i \u00d6stersund: \u201dHelt otroligt\u201d &#8211; \u00d6stersunds-Posten"},"content":{"rendered":"<ol>\n<li><a href=\"https:\/\/news.google.com\/rss\/articles\/CBMijAFBVV95cUxQSmExTWNLVzJFVTE2TEo2VzJxLU5mc2tidU5ncmltcXNIbEltM01KdmluYTc4ZjZvX0FKVjFqanVnQTF3aXpqeFh5cUN5aEhxX2E5TjkxdmpDakZwOVNEbERaT3FBTFo3a3Z0ZlpxRjNXU28zNzQxYUozS2lFaG9CQUhYUFBUZWFKNHN6eg?oc=5\" target=\"_blank\" rel=\"nofollow noopener\">Tvingas st\u00e5 \u00f6ver t\u00e4vlingarna i \u00d6stersund: \u201dHelt otroligt\u201d<\/a>&nbsp;&nbsp;\u00d6stersunds-Posten<\/li>\n<li><a href=\"https:\/\/news.google.com\/rss\/articles\/CBMingFBVV95cUxNOVR0X2lta3d2UFp2X1QyZ1FGczVZZ1FVUXRxUDJJS3VSanNqeWowdTVZQTNGblNRNm1jeEdvbXEzeGh5XzlMdDcwQmx1MGZBamIxV1NuNWllakxoYUczM2dXazlUVzJlaG93MnZadkNUdDY4RnhOUl9FVVk4QlVMYzZWZWNSMlJsd2xjbFZRNjhDNDlkVzRvQWlzNTVMUQ?oc=5\" target=\"_blank\" rel=\"nofollow noopener\">L\u00e4ngdskidor: Calle Halfvarssons missar nyckelt\u00e4vling \u2013 tvingas till Finland<\/a>&nbsp;&nbsp;SVT Nyheter<\/li>\n<li><a href=\"https:\/\/news.google.com\/rss\/articles\/CBMimgFBVV95cUxNeGJjcVdYZzRDblllbjUwT2wtUGtwUmh4Nmt6X3Y0T3FpTWZ4ZnpOZFl2N21Jdk1ydlZ3MWVNelhScVgzX0piOU9lNFFGMGlJX3pGZ2pSM25zb0RRV084dDVHQkZEVC1fWUJMSFJvT05QRzd6MzNSTGEwajZiNlZ4YnMtU0FycUZnVmVLWWhDcVI1M3A1LU5FaE9n?oc=5\" target=\"_blank\" rel=\"nofollow noopener\">Beskedet: T\u00e4vlar inte i \u00d6stersund<\/a>&nbsp;&nbsp;Aftonbladet<\/li>\n<li><a href=\"https:\/\/news.google.com\/rss\/articles\/CBMinAFBVV95cUxOaV9ZbDNTRXpjRUR5OW9JNG9fWVlGN1dyMTN4YlJkUUZTcmtnZFFjWm5pblFFbmtTQmdxV1ZpRi1sWHY5VjNkbTJLakRCUE9fVERMUWpZcTMwNTBmTWh6cXI1LVVrWkxwcC15Qk45YWdmbk9RTW9tX0tuZlN4U2hxTEExYktRZnNwYTRyS0pBMmxMajFBMGhpR0l0b2k?oc=5\" target=\"_blank\" rel=\"nofollow noopener\">Nytt bakslag f\u00f6r Calle Halfvarsson \u2013 missar helgens t\u00e4vlingar<\/a>&nbsp;&nbsp;Sveriges Radio<\/li>\n<li><a href=\"https:\/\/news.google.com\/rss\/articles\/CBMikwFBVV95cUxPbFFHMExsRGh5RHVTdmpVOFdTYlQtYU9uRWFNeU8tWEI0RlV6WTh1enRTbnV2OVRZd0RZVm9YZGswdlk2YVhlOC1VaGRKZFdFdGthQVkzcXN4N1JHeC1JcWhMWmRnQ0JSR1NqUzZGeEVlWlZBZDYzZ1RQbkNRZDB3N1pBSk1HR185VTZWNWV0d1luMkE?oc=5\" target=\"_blank\" rel=\"nofollow noopener\">Calle Halfvarsson f\u00e5r inte prata \u2013 drabbad av bakslag i krisplanen<\/a>&nbsp;&nbsp;Expressen<\/li>\n<\/ol>\n","protected":false},"excerpt":{"rendered":"Tvingas st\u00e5 \u00f6ver t\u00e4vlingarna i \u00d6stersund: \u201dHelt otroligt\u201d&nbsp;&nbsp;\u00d6stersunds-Posten L\u00e4ngdskidor: Calle Halfvarssons missar nyckelt\u00e4vling \u2013 tvingas till Finland&nbsp;&nbsp;SVT Nyheter&hellip;\n","protected":false},"author":2,"featured_media":105328,"comment_status":"","ping_status":"","sticky":false,"template":"","format":"standard","meta":{"footnotes":""},"categories":[68],"tags":[34,111,110,31,33,32,30],"class_list":{"0":"post-105327","1":"post","2":"type-post","3":"status-publish","4":"format-standard","5":"has-post-thumbnail","7":"category-sport","8":"tag-se","9":"tag-sport","10":"tag-sports","11":"tag-svenska","12":"tag-sverige","13":"tag-sweden","14":"tag-swedish"},"share_on_mastodon":{"url":"https:\/\/pubeurope.com\/@se\/115716371445504164","error":""},"_links":{"self":[{"href":"https:\/\/www.europesays.com\/se\/wp-json\/wp\/v2\/posts\/105327","targetHints":{"allow":["GET"]}}],"collection":[{"href":"https:\/\/www.europesays.com\/se\/wp-json\/wp\/v2\/posts"}],"about":[{"href":"https:\/\/www.europesays.com\/se\/wp-json\/wp\/v2\/types\/post"}],"author":[{"embeddable":true,"href":"https:\/\/www.europesays.com\/se\/wp-json\/wp\/v2\/users\/2"}],"replies":[{"embeddable":true,"href":"https:\/\/www.europesays.com\/se\/wp-json\/wp\/v2\/comments?post=105327"}],"version-history":[{"count":0,"href":"https:\/\/www.europesays.com\/se\/wp-json\/wp\/v2\/posts\/105327\/revisions"}],"wp:featuredmedia":[{"embeddable":true,"href":"https:\/\/www.europesays.com\/se\/wp-json\/wp\/v2\/media\/105328"}],"wp:attachment":[{"href":"https:\/\/www.europesays.com\/se\/wp-json\/wp\/v2\/media?parent=105327"}],"wp:term":[{"taxonomy":"category","embeddable":true,"href":"https:\/\/www.europesays.com\/se\/wp-json\/wp\/v2\/categories?post=105327"},{"taxonomy":"post_tag","embeddable":true,"href":"https:\/\/www.europesays.com\/se\/wp-json\/wp\/v2\/tags?post=105327"}],"curies":[{"name":"wp","href":"https:\/\/api.w.org\/{rel}","templated":true}]}}