{"id":105361,"date":"2025-12-14T06:46:08","date_gmt":"2025-12-14T06:46:08","guid":{"rendered":"https:\/\/www.europesays.com\/se\/105361\/"},"modified":"2025-12-14T06:46:08","modified_gmt":"2025-12-14T06:46:08","slug":"1400-blixtar-pa-fyra-timmar-pa-kanarieoarna","status":"publish","type":"post","link":"https:\/\/www.europesays.com\/se\/105361\/","title":{"rendered":"1400 blixtar p\u00e5 fyra timmar p\u00e5 Kanarie\u00f6arna"},"content":{"rendered":"<p>Publicerad 14 dec 2025 kl 07.17Uppdaterad kl 07.30<\/p>\n<p>1 400 blixtnedslag.<\/p>\n<p>Det registrerade den spanska v\u00e4dermyndigheten p\u00e5 l\u00f6rdagskv\u00e4llen p\u00e5 Kanarie\u00f6arna n\u00e4r Stormen Emilia svepte f\u00f6rbi.\u00a0<\/p>\n<p><img loading=\"lazy\"   alt=\"\"\/><\/p>\n<p>H\u00f6ga v\u00e5gor i staden Mesa del Mar p\u00e5 Teneriffa under l\u00f6rdagen.<\/p>\n<p>Foto: RAMON DE LA ROCHA \/ EPA EFE<\/p>\n<p>\u00d6ppna bild i helsk\u00e4rm<img loading=\"lazy\"   alt=\"\"\/><\/p>\n<p>S\u00e4kerhets\u00e5tg\u00e4rder p\u00e5 strandpromenaden i Mesa del mar.<\/p>\n<p>Foto: RAMON DE LA ROCHA \/ EPA EFE<\/p>\n<p>\u00d6ppna bild i helsk\u00e4rm<img loading=\"lazy\"   alt=\"\"\/><\/p>\n<p>H\u00f6ga v\u00e5gor i Las Palmas p\u00e5 Gran Canaria.<\/p>\n<p>Foto: QUIQUE CURBELO \/ EPA EFE<\/p>\n<p>\u00d6ppna bild i helsk\u00e4rm<\/p>\n<p>T\u00e4ta blixtar, \u00e5ska och kraftigt regn.<\/p>\n<p>Stormen Emilia bj\u00f6d p\u00e5 dramatiskt v\u00e4der f\u00f6r boende och turister p\u00e5 Las Palmas de Gran Canaria och norra Teneriffa under l\u00f6rdagskv\u00e4llen. Sammanlagt registrerade Spaniens motsvarighet till SMHI, Aemet, \u00f6ver 1 400 blixtnedslag p\u00e5 totalt fyra timmar, skriver Canarian Weekly.<\/p>\n<p>Det blev generellt en st\u00f6kig l\u00f6rdag i svenskparadiset med st\u00f6rningar i flyg- och f\u00e4rjetrafiken, \u00f6versv\u00e4mningar och \u00f6ver 1000 larm till r\u00e4ddningstj\u00e4nsten, enligt sajten.\u00a0<\/p>\n<p>Man r\u00e4knar med att ov\u00e4dret f\u00f6rsvagas under s\u00f6ndagen och flera av de v\u00e4dervarningar som Aemet har utf\u00e4rdat f\u00f6r bland kraftig nederb\u00f6rd och h\u00f6ga v\u00e5gor g\u00e4ller fram till s\u00f6ndag morgon.\u00a0<\/p>\n<p>Allm\u00e4nheten ombeds att h\u00e5lla sig uppdaterade och f\u00f6lja myndigheternas s\u00e4kerhetsr\u00e5d.<\/p>\n<p>Uppmanar till f\u00f6rsiktighet<\/p>\n<p>Turister och boende har uppmanats iaktta f\u00f6rsiktighet vid pirer och str\u00e4nder p\u00e5 grund av h\u00e5rd sj\u00f6 med v\u00e5gor p\u00e5 upp mot sex meter.<\/p>\n<p>\u201dAtt n\u00e4rma sig havet \u00e4r farligt\u201d, skrev v\u00e4derinstitutet Aemet i ett inl\u00e4gg p\u00e5 X under l\u00f6rdagen.\u00a0<\/p>\n<p>Flera personer har under h\u00f6sten d\u00f6tt efter att ha dragits ut i havet. <a href=\"https:\/\/www.expressen.se\/nyheter\/varlden\/flera-doda-pa-teneriffa-drogs-med-av-jattevagor-8n725\/\" rel=\"nofollow noopener\" target=\"_blank\">Fyra personer dog<\/a> f\u00f6rra s\u00f6ndagen efter att de tr\u00e4ffats av v\u00e5gor i en havsbass\u00e4ng i Los Gigantes p\u00e5 Teneriffas v\u00e4stkust, och i november <a href=\"https:\/\/www.expressen.se\/nyheter\/varlden\/tre-doda-och-flera-skadade-i-jattevagor-pa-teneriffa\/\" rel=\"nofollow noopener\" target=\"_blank\">dog ytterligare tre personer<\/a> i stora v\u00e5gor p\u00e5 samma \u00f6.<\/p>\n","protected":false},"excerpt":{"rendered":"Publicerad 14 dec 2025 kl 07.17Uppdaterad kl 07.30 1 400 blixtnedslag. Det registrerade den spanska v\u00e4dermyndigheten p\u00e5 l\u00f6rdagskv\u00e4llen&hellip;\n","protected":false},"author":2,"featured_media":105362,"comment_status":"","ping_status":"","sticky":false,"template":"","format":"standard","meta":{"footnotes":""},"categories":[14],"tags":[22,23,26,27,17,21,24,25,501,28,29,15,16,18,34,55,31,33,32,30,19,856,290,20,51,52,53,54],"class_list":{"0":"post-105361","1":"post","2":"type-post","3":"status-publish","4":"format-standard","5":"has-post-thumbnail","7":"category-varlden","8":"tag-breaking-news","9":"tag-breakingnews","10":"tag-featured-news","11":"tag-featurednews","12":"tag-headlines","13":"tag-huvudnyheter","14":"tag-latest-news","15":"tag-latestnews","16":"tag-location-kanarieoarna","17":"tag-main-news","18":"tag-mainnews","19":"tag-news","20":"tag-nyheter","21":"tag-rubriker","22":"tag-se","23":"tag-sections-varlden","24":"tag-svenska","25":"tag-sverige","26":"tag-sweden","27":"tag-swedish","28":"tag-top-stories","29":"tag-topic-resa-turism","30":"tag-topic-vaderprognos","31":"tag-topstories","32":"tag-varlden","33":"tag-world","34":"tag-world-news","35":"tag-worldnews"},"share_on_mastodon":{"url":"https:\/\/pubeurope.com\/@se\/115716579890109864","error":""},"_links":{"self":[{"href":"https:\/\/www.europesays.com\/se\/wp-json\/wp\/v2\/posts\/105361","targetHints":{"allow":["GET"]}}],"collection":[{"href":"https:\/\/www.europesays.com\/se\/wp-json\/wp\/v2\/posts"}],"about":[{"href":"https:\/\/www.europesays.com\/se\/wp-json\/wp\/v2\/types\/post"}],"author":[{"embeddable":true,"href":"https:\/\/www.europesays.com\/se\/wp-json\/wp\/v2\/users\/2"}],"replies":[{"embeddable":true,"href":"https:\/\/www.europesays.com\/se\/wp-json\/wp\/v2\/comments?post=105361"}],"version-history":[{"count":0,"href":"https:\/\/www.europesays.com\/se\/wp-json\/wp\/v2\/posts\/105361\/revisions"}],"wp:featuredmedia":[{"embeddable":true,"href":"https:\/\/www.europesays.com\/se\/wp-json\/wp\/v2\/media\/105362"}],"wp:attachment":[{"href":"https:\/\/www.europesays.com\/se\/wp-json\/wp\/v2\/media?parent=105361"}],"wp:term":[{"taxonomy":"category","embeddable":true,"href":"https:\/\/www.europesays.com\/se\/wp-json\/wp\/v2\/categories?post=105361"},{"taxonomy":"post_tag","embeddable":true,"href":"https:\/\/www.europesays.com\/se\/wp-json\/wp\/v2\/tags?post=105361"}],"curies":[{"name":"wp","href":"https:\/\/api.w.org\/{rel}","templated":true}]}}