{"id":105374,"date":"2025-12-14T07:04:11","date_gmt":"2025-12-14T07:04:11","guid":{"rendered":"https:\/\/www.europesays.com\/se\/105374\/"},"modified":"2025-12-14T07:04:11","modified_gmt":"2025-12-14T07:04:11","slug":"tva-omhandertogs-for-fylleri-i-arvidsjaur-norran","status":"publish","type":"post","link":"https:\/\/www.europesays.com\/se\/105374\/","title":{"rendered":"Tv\u00e5 omh\u00e4ndertogs f\u00f6r fylleri i Arvidsjaur &#8211; Norran"},"content":{"rendered":"<ol>\n<li><a href=\"https:\/\/news.google.com\/rss\/articles\/CBMioAFBVV95cUxQUk5lek5FTXJTMGhsWnI2eFJMSUJUQm9iMkVtdnNYcTRKbmdFS1BoY2hrdS1OQzZFZjJGTlpwdkhMZ1dyRS1fMUNpbmE3MTU3bjBOaUQ3NndVSEhrMHhsT1F3S3NLVzlnWVVXNWFDLVJ6OXR6ZGFpM2UySDhmelE2UFJnenFUWTl0MlRBZUZHTXBOVktFd0VYdWtOd1dGSHBp?oc=5\" target=\"_blank\" rel=\"nofollow noopener\">Tv\u00e5 omh\u00e4ndertogs f\u00f6r fylleri i Arvidsjaur<\/a>&nbsp;&nbsp;Norran<\/li>\n<li><a href=\"https:\/\/news.google.com\/rss\/articles\/CBMiowFBVV95cUxPMXB2VjNUcldicFVCckdGa09TTDliZU5nVU1QOXVGOENDNUxiQ3l0bm1veDFUeFd0eWJVcW0yc2I5MTRIejhqVGdsM2wxM2ZUbWpRcXJSS0hhY3p6RllfNldmeVp6Tl9acUZPWGloOW90VElZU0ZrdGwxZGpBZXBiRURZOHVCbUFnUzZUaTM2dHg3VG5tWU1takppU3hMQjFqbnJF?oc=5\" target=\"_blank\" rel=\"nofollow noopener\">St\u00f6kig fredagsnatt i l\u00e4net \u2013 misshandel, ofredande och fylla<\/a>&nbsp;&nbsp;NSD<\/li>\n<li><a href=\"https:\/\/news.google.com\/rss\/articles\/CBMinwFBVV95cUxQTlZ4U1ZfaEhTd0pzNFdaOUg4b1dreWR1cW9XQUQ3SEQxeW9kU21GZGVpaHFteDRvMDN4dlFKNzBVUnF3RW9VajU1ZFBVV3RUbDNZOG5LUThLR2ttTDlORTFuLUxJR3Q3Z2dkT0h3SG9NNDZmb2t5aHJMR2tsNWQybExZN3JDOUNHeTUwUVhSaVRhS2NqZFNTeFVqTkt1dmM?oc=5\" target=\"_blank\" rel=\"nofollow noopener\">F\u00f6rare i Lule\u00e5 kontrollerades \u2013 misst\u00e4nks f\u00f6r rattfylleri<\/a>&nbsp;&nbsp;Kuriren<\/li>\n<li><a href=\"https:\/\/news.google.com\/rss\/articles\/CBMi2wFBVV95cUxOYjZ6S3dMNEVDYV9mXzF3Si1Xd3dQdXdlME9jaWxabElzX0hsaWwxMlQzRE9qN25RTnhwVXMwLXFUc0RVaExvRVFxRXBLbG45QzZEa2NaMWNVM215c2FxelNnTUZBTkw5VDNDMUE3dDdOc2s5ejhkZHFtWDRmN1FkUE9lUHJQUm10dGZYazF3b0ItcklHb1VyQzgzY0dEMXVtY09RbmhsQU0xeWdYdmVTOXdkNWcxSUp6MnIxT1M1U1ZsRk82bUIyMG9TUW5OeTVUbmltRUgwTnoyMTQ?oc=5\" target=\"_blank\" rel=\"nofollow noopener\">Nedan f\u00f6ljer ett urval av h\u00e4ndelser som vi har hanterat<\/a>&nbsp;&nbsp;Brottsplatskartan.se<\/li>\n<li><a href=\"https:\/\/news.google.com\/rss\/articles\/CBMiogFBVV95cUxOZTJONHRES29IMmtEOFhZOTFkSkpSMFFZM3NZV25QdDlaRVY0MHFnQlQxWlM2MTdTSFZXNnhYY2lhU0dGcmFUYkhXU2UyRE5iVHJmM1N2SDNrT3hfSmlaN0F3ZHZ1Qm5Da1hBdDlraHJBczBwaHRHSHNSUF9TNzVKd0ZXQkF6ZTFWSDFic2NJb09pblg4M3RRVEF4My12NHNzVUE?oc=5\" target=\"_blank\" rel=\"nofollow noopener\">Polisens natt: Man i G\u00e4llivare misst\u00e4nks ha misshandlat kvinna<\/a>&nbsp;&nbsp;NSD<\/li>\n<\/ol>\n","protected":false},"excerpt":{"rendered":"Tv\u00e5 omh\u00e4ndertogs f\u00f6r fylleri i Arvidsjaur&nbsp;&nbsp;Norran St\u00f6kig fredagsnatt i l\u00e4net \u2013 misshandel, ofredande och fylla&nbsp;&nbsp;NSD F\u00f6rare i Lule\u00e5&hellip;\n","protected":false},"author":2,"featured_media":16712,"comment_status":"","ping_status":"","sticky":false,"template":"","format":"standard","meta":{"footnotes":""},"categories":[12],"tags":[22,23,26,27,17,21,24,25,28,29,15,16,18,34,31,33,32,30,19,20],"class_list":{"0":"post-105374","1":"post","2":"type-post","3":"status-publish","4":"format-standard","5":"has-post-thumbnail","7":"category-sverige","8":"tag-breaking-news","9":"tag-breakingnews","10":"tag-featured-news","11":"tag-featurednews","12":"tag-headlines","13":"tag-huvudnyheter","14":"tag-latest-news","15":"tag-latestnews","16":"tag-main-news","17":"tag-mainnews","18":"tag-news","19":"tag-nyheter","20":"tag-rubriker","21":"tag-se","22":"tag-svenska","23":"tag-sverige","24":"tag-sweden","25":"tag-swedish","26":"tag-top-stories","27":"tag-topstories"},"share_on_mastodon":{"url":"https:\/\/pubeurope.com\/@se\/115716650750034005","error":""},"_links":{"self":[{"href":"https:\/\/www.europesays.com\/se\/wp-json\/wp\/v2\/posts\/105374","targetHints":{"allow":["GET"]}}],"collection":[{"href":"https:\/\/www.europesays.com\/se\/wp-json\/wp\/v2\/posts"}],"about":[{"href":"https:\/\/www.europesays.com\/se\/wp-json\/wp\/v2\/types\/post"}],"author":[{"embeddable":true,"href":"https:\/\/www.europesays.com\/se\/wp-json\/wp\/v2\/users\/2"}],"replies":[{"embeddable":true,"href":"https:\/\/www.europesays.com\/se\/wp-json\/wp\/v2\/comments?post=105374"}],"version-history":[{"count":0,"href":"https:\/\/www.europesays.com\/se\/wp-json\/wp\/v2\/posts\/105374\/revisions"}],"wp:featuredmedia":[{"embeddable":true,"href":"https:\/\/www.europesays.com\/se\/wp-json\/wp\/v2\/media\/16712"}],"wp:attachment":[{"href":"https:\/\/www.europesays.com\/se\/wp-json\/wp\/v2\/media?parent=105374"}],"wp:term":[{"taxonomy":"category","embeddable":true,"href":"https:\/\/www.europesays.com\/se\/wp-json\/wp\/v2\/categories?post=105374"},{"taxonomy":"post_tag","embeddable":true,"href":"https:\/\/www.europesays.com\/se\/wp-json\/wp\/v2\/tags?post=105374"}],"curies":[{"name":"wp","href":"https:\/\/api.w.org\/{rel}","templated":true}]}}