{"id":105394,"date":"2025-12-14T07:32:10","date_gmt":"2025-12-14T07:32:10","guid":{"rendered":"https:\/\/www.europesays.com\/se\/105394\/"},"modified":"2025-12-14T07:32:10","modified_gmt":"2025-12-14T07:32:10","slug":"kanda-sangare-riskerar-att-do-i-fortid","status":"publish","type":"post","link":"https:\/\/www.europesays.com\/se\/105394\/","title":{"rendered":"K\u00e4nda s\u00e5ngare riskerar att d\u00f6 i f\u00f6rtid"},"content":{"rendered":"<p>Publicerad 14 dec 2025 kl 08.00<\/p>\n<p>M\u00e5nga har som h\u00f6gsta \u00f6nskan att bli en k\u00e4nd s\u00e5ngare.<\/p>\n<p>Ny forskning visar att det kan finnas anledning att passa sig f\u00f6r vad man dr\u00f6mmer om.<\/p>\n<p><img   alt=\"\"\/><\/p>\n<p>Amy Winehouse blev bara 27 \u00e5r gammal.<\/p>\n<p>Foto: MATT DUNHAM \/ AP<\/p>\n<p>\u00d6ppna bild i helsk\u00e4rm<img loading=\"lazy\"   alt=\"\"\/><\/p>\n<p>Whitney Houston blev 48 \u00e5r gammal.<\/p>\n<p>Foto: PETER BROOKER \/ SHUTTERSTOCK EDITORIAL\/REX\/IBL<\/p>\n<p>\u00d6ppna bild i helsk\u00e4rm<img loading=\"lazy\"   alt=\"\"\/><\/p>\n<p>S\u00e5ngaren och gitarristen Jimi Hendrix blev bara 27 \u00e5r.<\/p>\n<p>Foto: RIGHTS MANAGED \/ MARY EVANS PICTURE TT NYHETSBYR\u00c5N<\/p>\n<p>\u00d6ppna bild i helsk\u00e4rmArtikeln i korthet<\/p>\n<p> K\u00e4nda s\u00e5ngare riskerar att d\u00f6 i f\u00f6rtid, visar ny forskning.<\/p>\n<p> Soloartister drabbas h\u00e5rdare \u00e4n bandmedlemmar.<\/p>\n<p> K\u00e4ndisskapet kan korta livet med \u00f6ver fyra \u00e5r; droger och isolering pekas ut som riskfaktorer.<\/p>\n<p>Visa mer<\/p>\n<p>Nyligen publicerad forskning sl\u00e5r fast sambandet mellan att vara en k\u00e4nd s\u00e5ngare och att d\u00f6 i f\u00f6rtid. Risken \u00e4r mindre om man \u00e4r s\u00e5ngaren i ett k\u00e4nt band, sannolikt f\u00f6r att soloartisten \u00e4r mer exponerad och saknar det emotionella st\u00f6d som kan komma fr\u00e5n en grupp.<\/p>\n<p>Michael Dufner, professor vid tyska Witten\/Herdecke-universitetet, \u00e4r en av medf\u00f6rfattarna <a href=\"https:\/\/jech.bmj.com\/content\/early\/2025\/11\/19\/jech-2025-224589\" rel=\"nofollow noopener\" target=\"_blank\">till studien<\/a>. Han ser resultaten som orov\u00e4ckande.<\/p>\n<p>\u2013 Det indikerar att k\u00e4nda musiker faktiskt riskerar att d\u00f6 i f\u00f6rtid, s\u00e4ger han till <a href=\"https:\/\/www.theguardian.com\/science\/2025\/nov\/25\/being-famous-singer-raises-risk-early-death-research\" rel=\"nofollow noopener\" target=\"_blank\">brittiska the Guardian<\/a>.<\/p>\n<p>V\u00e4lk\u00e4nda st\u00f6d finns, f\u00f6rst\u00e5s. Vokalister som <a href=\"https:\/\/www.expressen.se\/tagg\/person\/whitney-houston\/\" class=\"\" rel=\"nofollow noopener\" target=\"_blank\">Whitney Houston<\/a>, Lisa \u201dLeft-Eye\u201d Lopes, Jim Morrison, Amy Winehouse, Jimi Hendrix och Kurt Cobain gick bort alldeles f\u00f6r tidigt.<\/p>\n<p>K\u00e4ndisskapet kan korta livet med \u00f6ver fyra \u00e5r<\/p>\n<p>Studien har analyserat 324 k\u00e4nda soloartister och s\u00e5ngare i olika band. Man begr\u00e4nsade omf\u00e5nget till artister som var verksamma mellan 1950 och 1990. Den st\u00f6rre risken att d\u00f6 i f\u00f6rtid kom i samband med att s\u00e5ngaren uppsattes f\u00f6r ett \u00f6kat k\u00e4ndisskap. Dufner s\u00e4ger att ytterligare forskning kr\u00e4vs f\u00f6r att f\u00f6rst\u00e5 varf\u00f6r just k\u00e4ndisskapet kan driva s\u00e5ngare till en f\u00f6r tidig d\u00f6d.<\/p>\n<p>S\u00e5ngarens f\u00f6rv\u00e4ntade livsl\u00e4ngd blev 75 \u00e5r. Att j\u00e4mf\u00f6ra med referensgruppen som levde 4,6 \u00e5r l\u00e4ngre. Att vara s\u00e5ngare liknas vid andra k\u00e4nda h\u00e4lsorisker, som exempelvis r\u00f6kning.<\/p>\n<p>S\u00e5, vad kan s\u00e5ngare g\u00f6ra f\u00f6r att undvika risken att d\u00f6 i f\u00f6rtid? K\u00e4ndisskap och turnerande \u00e4r en ovanlig tillvaro, p\u00e5pekar Dufner. Inte s\u00e4llan ackompanjerad av tillg\u00e4ngliga droger och isolering fr\u00e5n n\u00e4ra v\u00e4nner och familj.<\/p>\n<p>\u2013 Ett s\u00e4tt \u00e4r att regelbundet ta ett steg tillbaka och kritiskt utv\u00e4rdera ens egen livsstil. Och att \u00e5terknyta ofta med familj och gamla v\u00e4nner, s\u00e4ger Dufner.<\/p>\n","protected":false},"excerpt":{"rendered":"Publicerad 14 dec 2025 kl 08.00 M\u00e5nga har som h\u00f6gsta \u00f6nskan att bli en k\u00e4nd s\u00e5ngare. Ny forskning&hellip;\n","protected":false},"author":2,"featured_media":105395,"comment_status":"","ping_status":"","sticky":false,"template":"","format":"standard","meta":{"footnotes":""},"categories":[67],"tags":[104,11827,11828,11826,11825,34,31,33,32,30,402,310,105],"class_list":{"0":"post-105394","1":"post","2":"type-post","3":"status-publish","4":"format-standard","5":"has-post-thumbnail","7":"category-underhallning","8":"tag-entertainment","9":"tag-person-amy-winehouse","10":"tag-person-jimi-hendrix","11":"tag-person-kurt-cobain","12":"tag-person-whitney-houston","13":"tag-se","14":"tag-svenska","15":"tag-sverige","16":"tag-sweden","17":"tag-swedish","18":"tag-topic-artister","19":"tag-topic-kandisar","20":"tag-underhallning"},"share_on_mastodon":{"url":"https:\/\/pubeurope.com\/@se\/115716760783637073","error":""},"_links":{"self":[{"href":"https:\/\/www.europesays.com\/se\/wp-json\/wp\/v2\/posts\/105394","targetHints":{"allow":["GET"]}}],"collection":[{"href":"https:\/\/www.europesays.com\/se\/wp-json\/wp\/v2\/posts"}],"about":[{"href":"https:\/\/www.europesays.com\/se\/wp-json\/wp\/v2\/types\/post"}],"author":[{"embeddable":true,"href":"https:\/\/www.europesays.com\/se\/wp-json\/wp\/v2\/users\/2"}],"replies":[{"embeddable":true,"href":"https:\/\/www.europesays.com\/se\/wp-json\/wp\/v2\/comments?post=105394"}],"version-history":[{"count":0,"href":"https:\/\/www.europesays.com\/se\/wp-json\/wp\/v2\/posts\/105394\/revisions"}],"wp:featuredmedia":[{"embeddable":true,"href":"https:\/\/www.europesays.com\/se\/wp-json\/wp\/v2\/media\/105395"}],"wp:attachment":[{"href":"https:\/\/www.europesays.com\/se\/wp-json\/wp\/v2\/media?parent=105394"}],"wp:term":[{"taxonomy":"category","embeddable":true,"href":"https:\/\/www.europesays.com\/se\/wp-json\/wp\/v2\/categories?post=105394"},{"taxonomy":"post_tag","embeddable":true,"href":"https:\/\/www.europesays.com\/se\/wp-json\/wp\/v2\/tags?post=105394"}],"curies":[{"name":"wp","href":"https:\/\/api.w.org\/{rel}","templated":true}]}}