{"id":105442,"date":"2025-12-14T08:36:13","date_gmt":"2025-12-14T08:36:13","guid":{"rendered":"https:\/\/www.europesays.com\/se\/105442\/"},"modified":"2025-12-14T08:36:13","modified_gmt":"2025-12-14T08:36:13","slug":"lidingo-satsar-pa-guld-i-tennis-vard-for-elitserien","status":"publish","type":"post","link":"https:\/\/www.europesays.com\/se\/105442\/","title":{"rendered":"Liding\u00f6 satsar p\u00e5 guld i tennis \u2013 v\u00e4rd f\u00f6r elitserien"},"content":{"rendered":"<p class=\"ort\">Liding\u00f6 <\/p>\n<p class=\"text\">Under de senaste tre \u00e5ren har tennisens slutspel i elitserien \u00e4gt rum p\u00e5 Liding\u00f6. Nu st\u00e5r det klart att Liding\u00f6 TK f\u00e5r forts\u00e4tta sitt v\u00e4rdskap till 2027. <\/p>\n<p class=\"text\">\u2013 Det \u00e4r j\u00e4tteroligt! F\u00f6rhoppningsvis kan det locka unga att komma och se tennis p\u00e5 toppniv\u00e5, s\u00e4ger sportchefen Johan Landsberg. <\/p>\n<p><img decoding=\"async\" class=\"Image Image_\" src=\"\" data-aghref=\"http:\/\/www.mitti.se\/image-3.352792.269194.20251214080232.1.e1b88e7d94\" data-agimagetype=\"hardcrop\" alt=\"Johan Landsberg hoppas att matcherna med &quot;Sveriges b\u00e4sta spelare&quot; ska locka fler unga till sporten.\"\/><\/p>\n<p class=\"Caption\">Johan Landsberg hoppas att matcherna med &#8221;Sveriges b\u00e4sta spelare&#8221; ska locka fler unga till sporten.<\/p>\n<p class=\"Source\">Liding\u00f6 TK<\/p>\n<p>Vill g\u00e5 hela v\u00e4gen <\/p>\n<p class=\"text\">F\u00f6r f\u00f6rsta g\u00e5ngen har nu Liding\u00f6 TK b\u00e5de ett herr- och damlag i elitserien, efter att damerna nyligen tog klivet upp. Med brons och silver i bagaget fr\u00e5n tidigare \u00e5r hoppas de nu g\u00e5 hela v\u00e4gen. <\/p>\n<p class=\"text\">\u2013 Vi \u00e4r f\u00f6rberedda, vi \u00e4r redo och vi har tr\u00e4nat mycket. Alla ser fram emot det h\u00e4r. Det \u00e4r j\u00e4tteroligt att f\u00e5 vara del av ett lag eftersom tennis annars \u00e4r ganska ensamt, s\u00e4ger Johan Landsberg. <\/p>\n<p class=\"faktarubrik\">S\u00e5 spelas slutspelet<\/p>\n<p class=\"fakta\">Fredag 19 december g\u00e5r semifinalen f\u00f6r damer<\/p>\n<p class=\"fakta\">L\u00f6rdag 20 december g\u00e5r semifinalen f\u00f6r herrar<\/p>\n<p class=\"fakta\">S\u00f6ndagen den 21 december spelas finalerna<\/p>\n<p class=\"faktakalla\">K\u00e4lla: Johan Landsberg<\/p>\n<p><img decoding=\"async\" class=\"Image Image_\" src=\"\" data-aghref=\"http:\/\/www.mitti.se\/image-3.352795.269194.20251214080232.f146e2711b\" data-agimagetype=\"hardcrop\" alt=\"Det \u00e4r ingen sj\u00e4lvklarhet att Liding\u00f6 TK kommer att avancera till slutspelet, men Johan Landsberg tror att spelarna \u00e4r redo. \"\/><\/p>\n<p class=\"Caption\">Det \u00e4r ingen sj\u00e4lvklarhet att Liding\u00f6 TK kommer att avancera till slutspelet, men Johan Landsberg tror att spelarna \u00e4r redo. <\/p>\n<p class=\"Source\">Liding\u00f6 TK<\/p>\n<p>Prisat st\u00f6d<\/p>\n<p class=\"text\">P\u00e5 herrlagets sida v\u00e4lkomnas i \u00e5r \u00e4ven finska Wimbledon-vinnaren Harri Heliovaara.<\/p>\n<p class=\"text\">\u2013 Sj\u00e4lvklart kan en spelare som vunnit s\u00e5 mycket g\u00f6ra det lilla extra. Det ger ocks\u00e5 ett lyft till v\u00e5ra svenska spelare och juniorer som inte tr\u00e4ffar en s\u00e5dan spelare varje dag. Det \u00e4r fantastiskt!<\/p>\n<p class=\"citat\">Vi \u00e4r f\u00f6rberedda, vi \u00e4r redo, vi har tr\u00e4nat mycket<\/p>\n<p>Stort intresse p\u00e5 Liding\u00f6<\/p>\n<p class=\"text\">Liding\u00f6 TK \u00e4r i dag den tredje st\u00f6rsta tennisklubben i Sverige, med \u00f6ver 3000 medlemmar. <\/p>\n<p class=\"text\">\u2013 Tyv\u00e4rr har vi alldeles f\u00f6r f\u00e5 banor. Det \u00e4r j\u00e4ttem\u00e5nga i k\u00f6 som inte f\u00e5r plats i v\u00e5r verksamhet.<\/p>\n<p><img decoding=\"async\" class=\"Image Image_\" src=\"\" data-aghref=\"http:\/\/www.mitti.se\/image-3.352798.269194.20251214080232.546428e3a7\" data-agimagetype=\"hardcrop\" alt=\"Fred Simonsson \u00e4r en av spelarna i herrlaget som i \u00e5r hoppas p\u00e5 guld.\"\/><\/p>\n<p class=\"Caption\">Fred Simonsson \u00e4r en av spelarna i herrlaget som i \u00e5r hoppas p\u00e5 guld.<\/p>\n<p class=\"Source\">Liding\u00f6 TK<\/p>\n<p class=\"text\">F\u00f6rhoppningen \u00e4r en ny hall i H\u00f6gs\u00e4tra. <\/p>\n<p class=\"text\">\u2013 Vi har f\u00f6rklarat f\u00f6r kommunen vad vi beh\u00f6ver. Det \u00e4r v\u00e4ldigt m\u00e5nga p\u00e5 \u00f6n som vill ha fler banor. <\/p>\n<p>Pepparkakor och tennis<\/p>\n<p class=\"text\">Att slutspelets matcher ligger n\u00e4ra jul \u00e4r inget som stressar Johan Landsberg.<\/p>\n<p class=\"text\">\u2013 Det \u00e4r bara roligt att inte enbart \u00e4ta pepparkakor hela dagarna, utan \u00e4ven titta p\u00e5 tennis.<\/p>\n","protected":false},"excerpt":{"rendered":"Liding\u00f6 Under de senaste tre \u00e5ren har tennisens slutspel i elitserien \u00e4gt rum p\u00e5 Liding\u00f6. Nu st\u00e5r det&hellip;\n","protected":false},"author":2,"featured_media":105443,"comment_status":"","ping_status":"","sticky":false,"template":"","format":"standard","meta":{"footnotes":""},"categories":[68],"tags":[34,111,110,31,33,32,30],"class_list":{"0":"post-105442","1":"post","2":"type-post","3":"status-publish","4":"format-standard","5":"has-post-thumbnail","7":"category-sport","8":"tag-se","9":"tag-sport","10":"tag-sports","11":"tag-svenska","12":"tag-sverige","13":"tag-sweden","14":"tag-swedish"},"share_on_mastodon":{"url":"https:\/\/pubeurope.com\/@se\/115717012548463591","error":""},"_links":{"self":[{"href":"https:\/\/www.europesays.com\/se\/wp-json\/wp\/v2\/posts\/105442","targetHints":{"allow":["GET"]}}],"collection":[{"href":"https:\/\/www.europesays.com\/se\/wp-json\/wp\/v2\/posts"}],"about":[{"href":"https:\/\/www.europesays.com\/se\/wp-json\/wp\/v2\/types\/post"}],"author":[{"embeddable":true,"href":"https:\/\/www.europesays.com\/se\/wp-json\/wp\/v2\/users\/2"}],"replies":[{"embeddable":true,"href":"https:\/\/www.europesays.com\/se\/wp-json\/wp\/v2\/comments?post=105442"}],"version-history":[{"count":0,"href":"https:\/\/www.europesays.com\/se\/wp-json\/wp\/v2\/posts\/105442\/revisions"}],"wp:featuredmedia":[{"embeddable":true,"href":"https:\/\/www.europesays.com\/se\/wp-json\/wp\/v2\/media\/105443"}],"wp:attachment":[{"href":"https:\/\/www.europesays.com\/se\/wp-json\/wp\/v2\/media?parent=105442"}],"wp:term":[{"taxonomy":"category","embeddable":true,"href":"https:\/\/www.europesays.com\/se\/wp-json\/wp\/v2\/categories?post=105442"},{"taxonomy":"post_tag","embeddable":true,"href":"https:\/\/www.europesays.com\/se\/wp-json\/wp\/v2\/tags?post=105442"}],"curies":[{"name":"wp","href":"https:\/\/api.w.org\/{rel}","templated":true}]}}