{"id":105453,"date":"2025-12-14T08:51:37","date_gmt":"2025-12-14T08:51:37","guid":{"rendered":"https:\/\/www.europesays.com\/se\/105453\/"},"modified":"2025-12-14T08:51:37","modified_gmt":"2025-12-14T08:51:37","slug":"skottlossning-pa-bondi-beach-i-sydney","status":"publish","type":"post","link":"https:\/\/www.europesays.com\/se\/105453\/","title":{"rendered":"Skottlossning p\u00e5 Bondi beach i Sydney"},"content":{"rendered":"<p>Vittnen rapporterar hur de sett hundratals m\u00e4nniskor springa fr\u00e5n platsen och h\u00f6rt polisbilar anl\u00e4nda till platsen med tjutande sirener, rapporterar Sydney Morning Herald.<\/p>\n<p>\u00c4nnu finns inga uppgifter om att n\u00e5gon skadats.<\/p>\n<p>\u201dVi \u00e4r medvetna om en aktiv s\u00e4kerhetssituation p\u00e5 Bondi Beach. Vi uppmanar m\u00e4nniskor i omr\u00e5det att f\u00f6lja informationen fr\u00e5n polisen\u201d s\u00e4ger en talesperson f\u00f6r premi\u00e4rministerns kansli i ett uttalande. <\/p>\n<p>Texten uppdateras<\/p>\n","protected":false},"excerpt":{"rendered":"Vittnen rapporterar hur de sett hundratals m\u00e4nniskor springa fr\u00e5n platsen och h\u00f6rt polisbilar anl\u00e4nda till platsen med tjutande&hellip;\n","protected":false},"author":2,"featured_media":105454,"comment_status":"","ping_status":"","sticky":false,"template":"","format":"standard","meta":{"footnotes":""},"categories":[5],"tags":[22,23,26,27,17,21,24,25,28,29,15,16,18,34,31,33,32,30,19,20],"class_list":{"0":"post-105453","1":"post","2":"type-post","3":"status-publish","4":"format-standard","5":"has-post-thumbnail","7":"category-rubriker","8":"tag-breaking-news","9":"tag-breakingnews","10":"tag-featured-news","11":"tag-featurednews","12":"tag-headlines","13":"tag-huvudnyheter","14":"tag-latest-news","15":"tag-latestnews","16":"tag-main-news","17":"tag-mainnews","18":"tag-news","19":"tag-nyheter","20":"tag-rubriker","21":"tag-se","22":"tag-svenska","23":"tag-sverige","24":"tag-sweden","25":"tag-swedish","26":"tag-top-stories","27":"tag-topstories"},"share_on_mastodon":{"url":"https:\/\/pubeurope.com\/@se\/115717071397927388","error":""},"_links":{"self":[{"href":"https:\/\/www.europesays.com\/se\/wp-json\/wp\/v2\/posts\/105453","targetHints":{"allow":["GET"]}}],"collection":[{"href":"https:\/\/www.europesays.com\/se\/wp-json\/wp\/v2\/posts"}],"about":[{"href":"https:\/\/www.europesays.com\/se\/wp-json\/wp\/v2\/types\/post"}],"author":[{"embeddable":true,"href":"https:\/\/www.europesays.com\/se\/wp-json\/wp\/v2\/users\/2"}],"replies":[{"embeddable":true,"href":"https:\/\/www.europesays.com\/se\/wp-json\/wp\/v2\/comments?post=105453"}],"version-history":[{"count":0,"href":"https:\/\/www.europesays.com\/se\/wp-json\/wp\/v2\/posts\/105453\/revisions"}],"wp:featuredmedia":[{"embeddable":true,"href":"https:\/\/www.europesays.com\/se\/wp-json\/wp\/v2\/media\/105454"}],"wp:attachment":[{"href":"https:\/\/www.europesays.com\/se\/wp-json\/wp\/v2\/media?parent=105453"}],"wp:term":[{"taxonomy":"category","embeddable":true,"href":"https:\/\/www.europesays.com\/se\/wp-json\/wp\/v2\/categories?post=105453"},{"taxonomy":"post_tag","embeddable":true,"href":"https:\/\/www.europesays.com\/se\/wp-json\/wp\/v2\/tags?post=105453"}],"curies":[{"name":"wp","href":"https:\/\/api.w.org\/{rel}","templated":true}]}}