{"id":105471,"date":"2025-12-14T09:22:38","date_gmt":"2025-12-14T09:22:38","guid":{"rendered":"https:\/\/www.europesays.com\/se\/105471\/"},"modified":"2025-12-14T09:22:38","modified_gmt":"2025-12-14T09:22:38","slug":"lista-har-far-man-vanta-langst-pa-ambulans-vasterbottens-kuriren","status":"publish","type":"post","link":"https:\/\/www.europesays.com\/se\/105471\/","title":{"rendered":"Lista: H\u00e4r f\u00e5r man v\u00e4nta l\u00e4ngst p\u00e5 ambulans &#8211; V\u00e4sterbottens-Kuriren"},"content":{"rendered":"<ol>\n<li><a href=\"https:\/\/news.google.com\/rss\/articles\/CBMie0FVX3lxTE5PV1Q2Wl9ldEkxaVJZd3E3Z1lNd0gwZkl1eHRaaUdIQzBiazF1cWE5cGxRVzdGUXk1eEFLMnRUbmlyVFhZM1VvelNWUkdaV0YxYWxRVk5CcV84VXJtWGRXcW13SnhvOHdidmtqeTB6amgtN29NYkdNNUc2bw?oc=5\" target=\"_blank\" rel=\"nofollow noopener\">Lista: H\u00e4r f\u00e5r man v\u00e4nta l\u00e4ngst p\u00e5 ambulans<\/a>&nbsp;&nbsp;V\u00e4sterbottens-Kuriren<\/li>\n<li><a href=\"https:\/\/news.google.com\/rss\/articles\/CBMirwFBVV95cUxPR296UzJEalNZT0dWdWNrdFU1M1pkVmI4cFY2YVduV0Y5dHNSQVRObTVIRWRxaDBiUUF2cEJrLTlXczg1by1qLUsxcWZBR2J6d3JtVFF1ODR6akp6VVdTR3VpUXByUVVrbVN5WXptMjVlMktJUU5vUU9LWnZuOG1vMnVFZ2Jod2pUSzBkT3kwVmpFeUVBUkpMRXVfLTJGbHBINk5JMldnaW00OGJRYWlz?oc=5\" target=\"_blank\" rel=\"nofollow noopener\">Sigtuna g\u00e5r mot trenden \u2013 ambulansen framme snabbare \u00e4n i m\u00e5nga andra kommuner<\/a>&nbsp;&nbsp;m\u00e4rsta.nu<\/li>\n<li><a href=\"https:\/\/news.google.com\/rss\/articles\/CBMimAFBVV95cUxPcnM0YjRCLVhVcGVEQVk0Zkhxa0x2NHA5NlZhbjRULUs5d0JsQTlOYXpncXdJeFdDeXVEMXJSY3Uxd1doMVJHbFIyeTY5X19rRDEyOHNtT29FUXhBcFcwZHk2NUNZQ0p6S25QbE5WRkd0N052T2Y3Z1dodlFOM2tQMGU2cmpVbkJKamhlbUVENUZnOVVsbm9NWQ?oc=5\" target=\"_blank\" rel=\"nofollow noopener\">Ambulansen n\u00e5r Sk\u00f6vdeborna snabbast \u2013 men trenden \u00e4r d\u00e5lig<\/a>&nbsp;&nbsp;sla.se<\/li>\n<li><a href=\"https:\/\/news.google.com\/rss\/articles\/CBMiigFBVV95cUxNOExlaTNtVE1qNE93dDRjc192OHZINElUNnJpNk1WenpoSTNTMmMzcFZBeWEzSmU5N2k4WXlydDdrdmxQVzZZZ2R3cWlPSklkZThpdmJwSkVEYVdDQ2x3UFRINWRrRUdpU1ZHZzVNVW9tT3QybW5IZjRmYk5pN1FIWFczRmh1SUhhbFE?oc=5\" target=\"_blank\" rel=\"nofollow noopener\">Ambulansen snabbast i Avesta \u2013 se hela listan<\/a>&nbsp;&nbsp;Avesta Tidning<\/li>\n<li><a href=\"https:\/\/news.google.com\/rss\/articles\/CBMijgFBVV95cUxOS2pEaDlRU0Y5UlpGOGwtYXR3Q29GNzNjYVZ4amFtVmdYNjVIWndEbVJoNEE4SEg3TEh4bThTVFN3bTRDMEtReENMV00yLVpNQzZ4aElkcFFHbHZoVXV0d05JblN2bXUxSUZEblVFeGdZaU8yRkd5SkdKdGZwUkhaYXdUXzFqY2hjUGFmSVNB?oc=5\" target=\"_blank\" rel=\"nofollow noopener\">L\u00e5ng v\u00e4ntan p\u00e5 ambulans i Nyn\u00e4shamn<\/a>&nbsp;&nbsp;nynashamnsposten.se<\/li>\n<\/ol>\n","protected":false},"excerpt":{"rendered":"Lista: H\u00e4r f\u00e5r man v\u00e4nta l\u00e4ngst p\u00e5 ambulans&nbsp;&nbsp;V\u00e4sterbottens-Kuriren Sigtuna g\u00e5r mot trenden \u2013 ambulansen framme snabbare \u00e4n i&hellip;\n","protected":false},"author":2,"featured_media":105472,"comment_status":"","ping_status":"","sticky":false,"template":"","format":"standard","meta":{"footnotes":""},"categories":[12],"tags":[22,23,26,27,17,21,24,25,28,29,15,16,18,34,31,33,32,30,19,20],"class_list":{"0":"post-105471","1":"post","2":"type-post","3":"status-publish","4":"format-standard","5":"has-post-thumbnail","7":"category-sverige","8":"tag-breaking-news","9":"tag-breakingnews","10":"tag-featured-news","11":"tag-featurednews","12":"tag-headlines","13":"tag-huvudnyheter","14":"tag-latest-news","15":"tag-latestnews","16":"tag-main-news","17":"tag-mainnews","18":"tag-news","19":"tag-nyheter","20":"tag-rubriker","21":"tag-se","22":"tag-svenska","23":"tag-sverige","24":"tag-sweden","25":"tag-swedish","26":"tag-top-stories","27":"tag-topstories"},"share_on_mastodon":{"url":"https:\/\/pubeurope.com\/@se\/115717193383224378","error":""},"_links":{"self":[{"href":"https:\/\/www.europesays.com\/se\/wp-json\/wp\/v2\/posts\/105471","targetHints":{"allow":["GET"]}}],"collection":[{"href":"https:\/\/www.europesays.com\/se\/wp-json\/wp\/v2\/posts"}],"about":[{"href":"https:\/\/www.europesays.com\/se\/wp-json\/wp\/v2\/types\/post"}],"author":[{"embeddable":true,"href":"https:\/\/www.europesays.com\/se\/wp-json\/wp\/v2\/users\/2"}],"replies":[{"embeddable":true,"href":"https:\/\/www.europesays.com\/se\/wp-json\/wp\/v2\/comments?post=105471"}],"version-history":[{"count":0,"href":"https:\/\/www.europesays.com\/se\/wp-json\/wp\/v2\/posts\/105471\/revisions"}],"wp:featuredmedia":[{"embeddable":true,"href":"https:\/\/www.europesays.com\/se\/wp-json\/wp\/v2\/media\/105472"}],"wp:attachment":[{"href":"https:\/\/www.europesays.com\/se\/wp-json\/wp\/v2\/media?parent=105471"}],"wp:term":[{"taxonomy":"category","embeddable":true,"href":"https:\/\/www.europesays.com\/se\/wp-json\/wp\/v2\/categories?post=105471"},{"taxonomy":"post_tag","embeddable":true,"href":"https:\/\/www.europesays.com\/se\/wp-json\/wp\/v2\/tags?post=105471"}],"curies":[{"name":"wp","href":"https:\/\/api.w.org\/{rel}","templated":true}]}}