{"id":105485,"date":"2025-12-14T09:51:14","date_gmt":"2025-12-14T09:51:14","guid":{"rendered":"https:\/\/www.europesays.com\/se\/105485\/"},"modified":"2025-12-14T09:51:14","modified_gmt":"2025-12-14T09:51:14","slug":"moregardh-klar-for-final-varldsettan-lamnar-wo","status":"publish","type":"post","link":"https:\/\/www.europesays.com\/se\/105485\/","title":{"rendered":"M\u00f6reg\u00e5rdh klar f\u00f6r final \u2013 v\u00e4rldsettan l\u00e4mnar WO"},"content":{"rendered":"<p>Motst\u00e5ndet var sv\u00e5rast m\u00f6jliga, utg\u00e5ngen l\u00e4ttast t\u00e4nkbara. Utan att beh\u00f6va spela en enda boll \u00e4r nu Truls M\u00f6reg\u00e5rdh klar f\u00f6r finalen i Hongkong sedan Wang Chuqin f\u00f6rst klivit in i pingishagen f\u00f6r att v\u00e4rma upp, sedan omedelbart f\u00f6rsvunnit d\u00e4rifr\u00e5n igen. I st\u00e4llet tilldelades M\u00f6reg\u00e5rdh segern p\u00e5 walkover.<\/p>\n<p>\u2013 Det \u00e4r tr\u00e5kigt, ett konstigt scenario. Han \u00e4r en v\u00e4rldsstj\u00e4rna och jag har laddat f\u00f6r det h\u00e4r, s\u00e4ger den svenske stj\u00e4rnan till SVT.<\/p>\n","protected":false},"excerpt":{"rendered":"Motst\u00e5ndet var sv\u00e5rast m\u00f6jliga, utg\u00e5ngen l\u00e4ttast t\u00e4nkbara. Utan att beh\u00f6va spela en enda boll \u00e4r nu Truls M\u00f6reg\u00e5rdh&hellip;\n","protected":false},"author":2,"featured_media":105486,"comment_status":"","ping_status":"","sticky":false,"template":"","format":"standard","meta":{"footnotes":""},"categories":[68],"tags":[34,111,110,31,33,32,30],"class_list":{"0":"post-105485","1":"post","2":"type-post","3":"status-publish","4":"format-standard","5":"has-post-thumbnail","7":"category-sport","8":"tag-se","9":"tag-sport","10":"tag-sports","11":"tag-svenska","12":"tag-sverige","13":"tag-sweden","14":"tag-swedish"},"share_on_mastodon":{"url":"https:\/\/pubeurope.com\/@se\/115717307297685662","error":""},"_links":{"self":[{"href":"https:\/\/www.europesays.com\/se\/wp-json\/wp\/v2\/posts\/105485","targetHints":{"allow":["GET"]}}],"collection":[{"href":"https:\/\/www.europesays.com\/se\/wp-json\/wp\/v2\/posts"}],"about":[{"href":"https:\/\/www.europesays.com\/se\/wp-json\/wp\/v2\/types\/post"}],"author":[{"embeddable":true,"href":"https:\/\/www.europesays.com\/se\/wp-json\/wp\/v2\/users\/2"}],"replies":[{"embeddable":true,"href":"https:\/\/www.europesays.com\/se\/wp-json\/wp\/v2\/comments?post=105485"}],"version-history":[{"count":0,"href":"https:\/\/www.europesays.com\/se\/wp-json\/wp\/v2\/posts\/105485\/revisions"}],"wp:featuredmedia":[{"embeddable":true,"href":"https:\/\/www.europesays.com\/se\/wp-json\/wp\/v2\/media\/105486"}],"wp:attachment":[{"href":"https:\/\/www.europesays.com\/se\/wp-json\/wp\/v2\/media?parent=105485"}],"wp:term":[{"taxonomy":"category","embeddable":true,"href":"https:\/\/www.europesays.com\/se\/wp-json\/wp\/v2\/categories?post=105485"},{"taxonomy":"post_tag","embeddable":true,"href":"https:\/\/www.europesays.com\/se\/wp-json\/wp\/v2\/tags?post=105485"}],"curies":[{"name":"wp","href":"https:\/\/api.w.org\/{rel}","templated":true}]}}