{"id":105492,"date":"2025-12-14T10:05:15","date_gmt":"2025-12-14T10:05:15","guid":{"rendered":"https:\/\/www.europesays.com\/se\/105492\/"},"modified":"2025-12-14T10:05:15","modified_gmt":"2025-12-14T10:05:15","slug":"truls-moregardh-till-final-utan-att-spela-sport","status":"publish","type":"post","link":"https:\/\/www.europesays.com\/se\/105492\/","title":{"rendered":"Truls M\u00f6reg\u00e5rdh till final \u2013 utan att spela | Sport"},"content":{"rendered":"<p>Publicerad 14 dec 2025 kl 08.04Uppdaterad kl 10.45<\/p>\n<p>Chockscener i Hongkong.<\/p>\n<p>Truls M\u00f6reg\u00e5rdh \u00e4r klar f\u00f6r final i WTT-slutspelet \u2013 efter att v\u00e4rldsettan Wang Chuqin helt pl\u00f6tsligt l\u00e4mnat arenan.\u00a0<\/p>\n<p>\u2013 Jag blev v\u00e4ldigt f\u00f6rv\u00e5nad, f\u00f6rstod ingenting, s\u00e4ger J-O Waldner till Expressen.<\/p>\n<p><img   alt=\"\"\/> <\/p>\n<p>Foto: ELLAN MAD \/ STELLA PICTURES<\/p>\n<p>\u00d6ppna bild i helsk\u00e4rm<img loading=\"lazy\"   alt=\"\"\/> <\/p>\n<p>Foto: SVEN LINDWALL<\/p>\n<p>\u00d6ppna bild i helsk\u00e4rm<\/p>\n<p>Den svenske 23-\u00e5ringen skulle st\u00e4llas mot sv\u00e5rast t\u00e4nkbara motst\u00e5nd i v\u00e4rldstourens semifinal i Hongkong.\u00a0<\/p>\n<p>V\u00e4rldsettan Wang Chuqin.<\/p>\n<p>Men det blev aldrig n\u00e5gon match. Strax efter att de b\u00e5da stj\u00e4rnorna kommit in i hagen, presenterats f\u00f6r publiken till stort jubel och h\u00e4lsat p\u00e5 varandra f\u00f6rsvann pl\u00f6tsligt Wang Chuqin.\u00a0<\/p>\n<p>Och han kom inte tillbaka.<\/p>\n<p>Speakern meddelade att <a href=\"https:\/\/www.expressen.se\/tagg\/person\/truls-moregardh\/\" class=\"\" rel=\"nofollow noopener\" target=\"_blank\">Truls M\u00f6reg\u00e5rdh<\/a> tilld\u00f6mts segern och avancerat till final.<\/p>\n<p><img loading=\"lazy\"   alt=\"\"\/><\/p>\n<p>V\u00e4rldsettan Wang Chuqin l\u00e4mnade W.O precis innan matchen skulle b\u00f6rja.<\/p>\n<p>Foto: ELLAN MAD \/ STELLA PICTURES<\/p>\n<p>\u00d6ppna bild i helsk\u00e4rmChocken: M\u00f6reg\u00e5rdh till final<\/p>\n<p>SVT:s kommentatorspar AnnaMaria Fredholm och Mikael Appelgren f\u00f6rstod ingenting.<\/p>\n<p>\u2013 Wang Chuqin kommer inte spela. Va? Helt otroligt!, s\u00e4ger experten Appelgren.<\/p>\n<p>Och forts\u00e4tter:<\/p>\n<p>\u2013 N\u00e5nting m\u00e5ste ha h\u00e4nt.<\/p>\n<p>Fredholm fyller i:<\/p>\n<p>\u2013 Truls ser helt chockad ut. Vad har h\u00e4nt med Wang Chuqin? Det h\u00e4r kommer som en riktig chock.<\/p>\n<p>\u00c4ven Radiosportens expert Ulf \u201dTickan\u201d Carlsson \u00e4r v\u00e4ldigt f\u00f6rv\u00e5nad.<\/p>\n<p>\u2013 Jag \u00e4r helt chockad, s\u00e4ger han.<\/p>\n<p>I finalen, som spelas tidigast 13.30 svensk tid, st\u00e4lls M\u00f6reg\u00e5rdh mot japanen Tomokazu Harimoto.<\/p>\n<p>Waldners reaktion: \u201dMycket trist\u201d<\/p>\n<p>Den svenske pingisikonen Jan-Ove Waldner \u00e4r p\u00e5 plats i Hongkong.<\/p>\n<p>\u2013 Jag blev v\u00e4ldigt f\u00f6rv\u00e5nad. Jag hade precis kommit tillbaka hit fr\u00e5n Kina och satt och och skulle se matchen, s\u00e4ger han.<\/p>\n<p>\u2013 Men nu har vi en svensk i final i WTT-slutspelet och det \u00e4r mycket stort. V\u00e4ldigt kul.<\/p>\n<p><strong>Hur tror du att det h\u00e4r p\u00e5verkar M\u00f6reg\u00e5rdh?<\/strong><\/p>\n<p>\u2013 Jag vet att Truls hellre spelat och vunnit matchen. Jag tror inte det g\u00f6r n\u00e5gon st\u00f6rre skillnad f\u00f6r honom att f\u00e5 st\u00e5 \u00f6ver den h\u00e4r matchen om man t\u00e4nker p\u00e5 finalen . Han \u00e4r stark mentalt ocks\u00e5. Nu h\u00e5ller vi tummarna att han vinner finalen.<\/p>\n<p>Det \u00e4r oklart vad som ligger bakom Wang Chuqins pl\u00f6tsliga besked.<\/p>\n<p>\u2013 Vad jag har h\u00f6rt s\u00e5 ska det vara n\u00e5got med ryggen. Jag visste inte om det innan, s\u00e4ger Waldner.<\/p>\n","protected":false},"excerpt":{"rendered":"Publicerad 14 dec 2025 kl 08.04Uppdaterad kl 10.45 Chockscener i Hongkong. Truls M\u00f6reg\u00e5rdh \u00e4r klar f\u00f6r final i&hellip;\n","protected":false},"author":2,"featured_media":105493,"comment_status":"","ping_status":"","sticky":false,"template":"","format":"standard","meta":{"footnotes":""},"categories":[5],"tags":[22,23,26,27,17,21,24,25,28,29,15,16,11833,18,34,31,33,32,30,19,20],"class_list":{"0":"post-105492","1":"post","2":"type-post","3":"status-publish","4":"format-standard","5":"has-post-thumbnail","7":"category-rubriker","8":"tag-breaking-news","9":"tag-breakingnews","10":"tag-featured-news","11":"tag-featurednews","12":"tag-headlines","13":"tag-huvudnyheter","14":"tag-latest-news","15":"tag-latestnews","16":"tag-main-news","17":"tag-mainnews","18":"tag-news","19":"tag-nyheter","20":"tag-person-truls-moregardh","21":"tag-rubriker","22":"tag-se","23":"tag-svenska","24":"tag-sverige","25":"tag-sweden","26":"tag-swedish","27":"tag-top-stories","28":"tag-topstories"},"share_on_mastodon":{"url":"https:\/\/pubeurope.com\/@se\/115717362487796243","error":""},"_links":{"self":[{"href":"https:\/\/www.europesays.com\/se\/wp-json\/wp\/v2\/posts\/105492","targetHints":{"allow":["GET"]}}],"collection":[{"href":"https:\/\/www.europesays.com\/se\/wp-json\/wp\/v2\/posts"}],"about":[{"href":"https:\/\/www.europesays.com\/se\/wp-json\/wp\/v2\/types\/post"}],"author":[{"embeddable":true,"href":"https:\/\/www.europesays.com\/se\/wp-json\/wp\/v2\/users\/2"}],"replies":[{"embeddable":true,"href":"https:\/\/www.europesays.com\/se\/wp-json\/wp\/v2\/comments?post=105492"}],"version-history":[{"count":0,"href":"https:\/\/www.europesays.com\/se\/wp-json\/wp\/v2\/posts\/105492\/revisions"}],"wp:featuredmedia":[{"embeddable":true,"href":"https:\/\/www.europesays.com\/se\/wp-json\/wp\/v2\/media\/105493"}],"wp:attachment":[{"href":"https:\/\/www.europesays.com\/se\/wp-json\/wp\/v2\/media?parent=105492"}],"wp:term":[{"taxonomy":"category","embeddable":true,"href":"https:\/\/www.europesays.com\/se\/wp-json\/wp\/v2\/categories?post=105492"},{"taxonomy":"post_tag","embeddable":true,"href":"https:\/\/www.europesays.com\/se\/wp-json\/wp\/v2\/tags?post=105492"}],"curies":[{"name":"wp","href":"https:\/\/api.w.org\/{rel}","templated":true}]}}