{"id":105496,"date":"2025-12-14T10:07:17","date_gmt":"2025-12-14T10:07:17","guid":{"rendered":"https:\/\/www.europesays.com\/se\/105496\/"},"modified":"2025-12-14T10:07:17","modified_gmt":"2025-12-14T10:07:17","slug":"svenskt-rekord-och-flera-sm-guld-till-hs-hd","status":"publish","type":"post","link":"https:\/\/www.europesays.com\/se\/105496\/","title":{"rendered":"Svenskt rekord och flera SM-guld till HS &#8211; HD"},"content":{"rendered":"<ol>\n<li><a href=\"https:\/\/news.google.com\/rss\/articles\/CBMic0FVX3lxTE1Ic1R0Yi1CZ3pOWEVJZUhhaEZyLVcyLVlPODMyOUlDQUxCQV9iQW1nbVBvTkwxXzc5c2ltUW1OVGN3Rm4wUDdKdWE1d1NjRzlrdkMwNDlYR1RJb0JWai1FSHJId1JsU3hOV0FRWlFqTTBwYzQ?oc=5\" target=\"_blank\" rel=\"nofollow noopener\">Svenskt rekord och flera SM-guld till HS<\/a>&nbsp;&nbsp;HD<\/li>\n<li><a href=\"https:\/\/news.google.com\/rss\/articles\/CBMipwFBVV95cUxONXVEVU9CcHRhWWMxZEdPUjJRSlVrelRCQjFfZFdYd2ExZGROUkRlY0FKaFpuMEhEamxRdjNhc2VYUWFIanlfdzJzUHhNOEJKX0hPTmJZajJ4SVFEdnBaRWlsb24zMXhMb1FiZkRrM2gzZE9mWl9SVzVhU1k2elpMQ0FwUzEyOFlxQ2Q5akM1bnhQaV9kcy1sNGxKT1E0Smt5NVJpZ28xYw?oc=5\" target=\"_blank\" rel=\"nofollow noopener\">Medaljregnet h\u00e5ller i sig f\u00f6r gotl\u00e4nningen i Eskilstuna<\/a>&nbsp;&nbsp;Helagotland<\/li>\n<li><a href=\"https:\/\/news.google.com\/rss\/articles\/CBMipAFBVV95cUxQNGY5c2FNUzkxWC1jYzNpNWh0Wkdjejl2SDRTYnQzUVkzSDloWXFGRzhLSWp2UmVHMDdUQTg2NnZBQ1VkNURCdFJWSzFselpLamplLVRZdHVodmZ5aXdmODNJVDlXZS02bHpvQ0NzUU0yeUlRa0NTVmZoSmtXeTkyODJRSk5zVEVxcGZOeWJHaElTMEpiX1RDY1hwQmVMR0VWNEt6Zw?oc=5\" target=\"_blank\" rel=\"nofollow noopener\">Lisa fick torka spyor i badhuset: &#8221;Jag \u00e4r van&#8221;<\/a>&nbsp;&nbsp;Ekuriren<\/li>\n<li><a href=\"https:\/\/news.google.com\/rss\/articles\/CBMivAFBVV95cUxOQmpGR0k4RmdGZjk5NnN5Ulk1WE1XWnFwQnR1SVNmMkNFb180QWZQSG9STlUwdHVZcnZQOGhWOW1TMjdEZjlpOWJMM1pEREtNdVZaUjRLU3hmT3VYaHB6NjR6b09mNlkteHFlal85WngzQUVnSzVJczZrWG1Tck5CRTZ6QUhtY1M3em9tZ2hxcFVTU0p3dzc1dGE2aUNob3ZqTXZvYl9NdW1pRGJFZ0RDdWVteVFZMWlCYk1GQw?oc=5\" target=\"_blank\" rel=\"nofollow noopener\">Fr\u00e5n Magaluf till SM i simning \u2013 nu g\u00f6r Christoffer R\u00f6bech comeback i bass\u00e4ngen<\/a>&nbsp;&nbsp;SVT Nyheter<\/li>\n<li><a href=\"https:\/\/news.google.com\/rss\/articles\/CBMivwFBVV95cUxOVS1YYy0yVE8xWGl6SFZ0OUtPS0otTnlCNGxjSVZHSlFORWZ3R29UYnNWYmJrMW1ZQlQzTWJVZEEzMFBCVTJFamFmUzBuNThCWklZd21wN3d3Q2U5d05hNWNDS2dJbEE2ZjB0ZnVmNE9RLUh5LWZJSG84ektkSzh2OUpocGtBVnk5S2FsaTZOOWYwUTNHREwzZlE1Z19oaFRVR0NySTFaSGh0QWFLcWxFYmpMZG5vYWoxbzg0RGZxNA?oc=5\" target=\"_blank\" rel=\"nofollow noopener\">F\u00f6lj SM i Eskilstuna &#8211; 10-14 december<\/a>&nbsp;&nbsp;SVENSK SIMIDROTT<\/li>\n<\/ol>\n","protected":false},"excerpt":{"rendered":"Svenskt rekord och flera SM-guld till HS&nbsp;&nbsp;HD Medaljregnet h\u00e5ller i sig f\u00f6r gotl\u00e4nningen i Eskilstuna&nbsp;&nbsp;Helagotland Lisa fick torka&hellip;\n","protected":false},"author":2,"featured_media":105497,"comment_status":"","ping_status":"","sticky":false,"template":"","format":"standard","meta":{"footnotes":""},"categories":[68],"tags":[34,111,110,31,33,32,30],"class_list":{"0":"post-105496","1":"post","2":"type-post","3":"status-publish","4":"format-standard","5":"has-post-thumbnail","7":"category-sport","8":"tag-se","9":"tag-sport","10":"tag-sports","11":"tag-svenska","12":"tag-sverige","13":"tag-sweden","14":"tag-swedish"},"share_on_mastodon":{"url":"https:\/\/pubeurope.com\/@se\/115717370340109724","error":""},"_links":{"self":[{"href":"https:\/\/www.europesays.com\/se\/wp-json\/wp\/v2\/posts\/105496","targetHints":{"allow":["GET"]}}],"collection":[{"href":"https:\/\/www.europesays.com\/se\/wp-json\/wp\/v2\/posts"}],"about":[{"href":"https:\/\/www.europesays.com\/se\/wp-json\/wp\/v2\/types\/post"}],"author":[{"embeddable":true,"href":"https:\/\/www.europesays.com\/se\/wp-json\/wp\/v2\/users\/2"}],"replies":[{"embeddable":true,"href":"https:\/\/www.europesays.com\/se\/wp-json\/wp\/v2\/comments?post=105496"}],"version-history":[{"count":0,"href":"https:\/\/www.europesays.com\/se\/wp-json\/wp\/v2\/posts\/105496\/revisions"}],"wp:featuredmedia":[{"embeddable":true,"href":"https:\/\/www.europesays.com\/se\/wp-json\/wp\/v2\/media\/105497"}],"wp:attachment":[{"href":"https:\/\/www.europesays.com\/se\/wp-json\/wp\/v2\/media?parent=105496"}],"wp:term":[{"taxonomy":"category","embeddable":true,"href":"https:\/\/www.europesays.com\/se\/wp-json\/wp\/v2\/categories?post=105496"},{"taxonomy":"post_tag","embeddable":true,"href":"https:\/\/www.europesays.com\/se\/wp-json\/wp\/v2\/tags?post=105496"}],"curies":[{"name":"wp","href":"https:\/\/api.w.org\/{rel}","templated":true}]}}