{"id":105502,"date":"2025-12-14T10:11:07","date_gmt":"2025-12-14T10:11:07","guid":{"rendered":"https:\/\/www.europesays.com\/se\/105502\/"},"modified":"2025-12-14T10:11:07","modified_gmt":"2025-12-14T10:11:07","slug":"det-var-helvetet-pa-jorden","status":"publish","type":"post","link":"https:\/\/www.europesays.com\/se\/105502\/","title":{"rendered":"\u201dDet var helvetet p\u00e5 jorden\u201d"},"content":{"rendered":"<p>Av Adam Lindh<br \/>Publicerad 14 december, 09:19. Uppdaterad 14 december, 10:53<\/p>\n<p>Minst tio personer har d\u00f6tt och sexton personer har f\u00f6rts till sjukhus efter skjutningen vid den popul\u00e4ra turiststranden Bondi Beach i Sydney, rapporterar flera medier.<\/p>\n<p>Tv\u00e5 personer har gripits, uppger polisen. Enligt BBC ska den ena g\u00e4rningsmannen vara d\u00f6d och den andra skadad.<\/p>\n<p>\u2013 Folk b\u00f6rjade springa l\u00e4ngs stranden. Det var panik, s\u00e4ger ett vittne till ABC News.<\/p>\n<p>Ett annat vittne till tidningen s\u00e4ger att skjutningen p\u00e5gick i ungef\u00e4r tio minuter och beskriver det som \u201dhelvetet p\u00e5 jorden\u201d.<\/p>\n<p>Sydney Morning Herald rapporterar att uppemot 50 skott h\u00f6rts. Enligt The Telegraph och Jerusalem Post ska skjutningen ha \u00e4gt rum d\u00e4r ett firande av den judiska h\u00f6gtiden Chanukka p\u00e5gick.<\/p>\n<p>Texten uppdateras.<\/p>\n<p>Omni \u00e4r politiskt obundna och oberoende. Vi str\u00e4var efter att ge fler perspektiv p\u00e5 nyheterna. Har du fr\u00e5gor eller synpunkter kring v\u00e5r rapportering? <a href=\"https:\/\/omni.se\/larm-om-skottlossning-vid-bondi-beach\/a\/mailto:redaktion@omni.se\" class=\"ArticleActions_contactLink__W2F1M\" rel=\"nofollow noopener\" target=\"_blank\">Kontakta redaktionen<\/a><\/p>\n","protected":false},"excerpt":{"rendered":"Av Adam LindhPublicerad 14 december, 09:19. Uppdaterad 14 december, 10:53 Minst tio personer har d\u00f6tt och sexton personer&hellip;\n","protected":false},"author":2,"featured_media":105503,"comment_status":"","ping_status":"","sticky":false,"template":"","format":"standard","meta":{"footnotes":""},"categories":[14],"tags":[450,22,23,26,27,17,21,24,25,28,29,15,16,18,34,31,33,32,30,19,20,51,52,53,54],"class_list":{"0":"post-105502","1":"post","2":"type-post","3":"status-publish","4":"format-standard","5":"has-post-thumbnail","7":"category-varlden","8":"tag-australien","9":"tag-breaking-news","10":"tag-breakingnews","11":"tag-featured-news","12":"tag-featurednews","13":"tag-headlines","14":"tag-huvudnyheter","15":"tag-latest-news","16":"tag-latestnews","17":"tag-main-news","18":"tag-mainnews","19":"tag-news","20":"tag-nyheter","21":"tag-rubriker","22":"tag-se","23":"tag-svenska","24":"tag-sverige","25":"tag-sweden","26":"tag-swedish","27":"tag-top-stories","28":"tag-topstories","29":"tag-varlden","30":"tag-world","31":"tag-world-news","32":"tag-worldnews"},"share_on_mastodon":{"url":"https:\/\/pubeurope.com\/@se\/115717385922684430","error":""},"_links":{"self":[{"href":"https:\/\/www.europesays.com\/se\/wp-json\/wp\/v2\/posts\/105502","targetHints":{"allow":["GET"]}}],"collection":[{"href":"https:\/\/www.europesays.com\/se\/wp-json\/wp\/v2\/posts"}],"about":[{"href":"https:\/\/www.europesays.com\/se\/wp-json\/wp\/v2\/types\/post"}],"author":[{"embeddable":true,"href":"https:\/\/www.europesays.com\/se\/wp-json\/wp\/v2\/users\/2"}],"replies":[{"embeddable":true,"href":"https:\/\/www.europesays.com\/se\/wp-json\/wp\/v2\/comments?post=105502"}],"version-history":[{"count":0,"href":"https:\/\/www.europesays.com\/se\/wp-json\/wp\/v2\/posts\/105502\/revisions"}],"wp:featuredmedia":[{"embeddable":true,"href":"https:\/\/www.europesays.com\/se\/wp-json\/wp\/v2\/media\/105503"}],"wp:attachment":[{"href":"https:\/\/www.europesays.com\/se\/wp-json\/wp\/v2\/media?parent=105502"}],"wp:term":[{"taxonomy":"category","embeddable":true,"href":"https:\/\/www.europesays.com\/se\/wp-json\/wp\/v2\/categories?post=105502"},{"taxonomy":"post_tag","embeddable":true,"href":"https:\/\/www.europesays.com\/se\/wp-json\/wp\/v2\/tags?post=105502"}],"curies":[{"name":"wp","href":"https:\/\/api.w.org\/{rel}","templated":true}]}}