{"id":105504,"date":"2025-12-14T10:13:13","date_gmt":"2025-12-14T10:13:13","guid":{"rendered":"https:\/\/www.europesays.com\/se\/105504\/"},"modified":"2025-12-14T10:13:13","modified_gmt":"2025-12-14T10:13:13","slug":"langdskidor-einar-hedegart-snabbast-i-davos","status":"publish","type":"post","link":"https:\/\/www.europesays.com\/se\/105504\/","title":{"rendered":"L\u00e4ngdskidor: Einar Hedegart snabbast i Davos"},"content":{"rendered":"<p>Einar Hedegart vann sin f\u00f6rsta v\u00e4rldscupt\u00e4vling i l\u00e4ngd i Trondheim f\u00f6rra helgen. <\/p>\n<p>Det p\u00e5 tio kilometer fristil. <\/p>\n<p>P\u00e5 s\u00f6ndagen var det dags f\u00f6r samma distans i Davos \u2013 och d\u00e5 var Hedegart snabbast igen. <\/p>\n<p>Ryske talangen l\u00e5ngt bakom <\/p>\n<p>Norrmannen gick upp i ledning efter halva loppet och var urstark de sista kilometerna. <\/p>\n<p>Han tog hem t\u00e4vlingen 11,7 sekunder f\u00f6re tv\u00e5an Harald \u00d6stberg Amundsen och 18,8 sekunder f\u00f6re trean Mattis Stenshagen. <\/p>\n<p>Gustaf Berglund blev b\u00e4ste svensk p\u00e5 en femtonde plats. <\/p>\n<p>Ryske talangen Savelij Korosteljov \u2013 som t\u00e4vlar som neutral \u2013 slutade 25:a. Han var en minut och 20 sekunder bakom Hedegart. <\/p>\n","protected":false},"excerpt":{"rendered":"Einar Hedegart vann sin f\u00f6rsta v\u00e4rldscupt\u00e4vling i l\u00e4ngd i Trondheim f\u00f6rra helgen. Det p\u00e5 tio kilometer fristil. P\u00e5&hellip;\n","protected":false},"author":2,"featured_media":105505,"comment_status":"","ping_status":"","sticky":false,"template":"","format":"standard","meta":{"footnotes":""},"categories":[5],"tags":[22,23,26,27,17,21,24,25,28,29,15,16,18,34,31,33,32,30,19,20],"class_list":{"0":"post-105504","1":"post","2":"type-post","3":"status-publish","4":"format-standard","5":"has-post-thumbnail","7":"category-rubriker","8":"tag-breaking-news","9":"tag-breakingnews","10":"tag-featured-news","11":"tag-featurednews","12":"tag-headlines","13":"tag-huvudnyheter","14":"tag-latest-news","15":"tag-latestnews","16":"tag-main-news","17":"tag-mainnews","18":"tag-news","19":"tag-nyheter","20":"tag-rubriker","21":"tag-se","22":"tag-svenska","23":"tag-sverige","24":"tag-sweden","25":"tag-swedish","26":"tag-top-stories","27":"tag-topstories"},"share_on_mastodon":{"url":"https:\/\/pubeurope.com\/@se\/115717393808855455","error":""},"_links":{"self":[{"href":"https:\/\/www.europesays.com\/se\/wp-json\/wp\/v2\/posts\/105504","targetHints":{"allow":["GET"]}}],"collection":[{"href":"https:\/\/www.europesays.com\/se\/wp-json\/wp\/v2\/posts"}],"about":[{"href":"https:\/\/www.europesays.com\/se\/wp-json\/wp\/v2\/types\/post"}],"author":[{"embeddable":true,"href":"https:\/\/www.europesays.com\/se\/wp-json\/wp\/v2\/users\/2"}],"replies":[{"embeddable":true,"href":"https:\/\/www.europesays.com\/se\/wp-json\/wp\/v2\/comments?post=105504"}],"version-history":[{"count":0,"href":"https:\/\/www.europesays.com\/se\/wp-json\/wp\/v2\/posts\/105504\/revisions"}],"wp:featuredmedia":[{"embeddable":true,"href":"https:\/\/www.europesays.com\/se\/wp-json\/wp\/v2\/media\/105505"}],"wp:attachment":[{"href":"https:\/\/www.europesays.com\/se\/wp-json\/wp\/v2\/media?parent=105504"}],"wp:term":[{"taxonomy":"category","embeddable":true,"href":"https:\/\/www.europesays.com\/se\/wp-json\/wp\/v2\/categories?post=105504"},{"taxonomy":"post_tag","embeddable":true,"href":"https:\/\/www.europesays.com\/se\/wp-json\/wp\/v2\/tags?post=105504"}],"curies":[{"name":"wp","href":"https:\/\/api.w.org\/{rel}","templated":true}]}}