{"id":105511,"date":"2025-12-14T10:20:19","date_gmt":"2025-12-14T10:20:19","guid":{"rendered":"https:\/\/www.europesays.com\/se\/105511\/"},"modified":"2025-12-14T10:20:19","modified_gmt":"2025-12-14T10:20:19","slug":"alla-kommuner-kan-inte-fa-pengar-till-allt","status":"publish","type":"post","link":"https:\/\/www.europesays.com\/se\/105511\/","title":{"rendered":"Alla kommuner kan inte f\u00e5 pengar till allt"},"content":{"rendered":"<p><a data-test-tag=\"internal-link\" href=\"https:\/\/www.aftonbladet.se\/av\/niclas-vent\" class=\"hyperion-css-13ns1rr\" rel=\"nofollow noopener\" target=\"\" aria-label=\"Se alla artiklar av Niclas Vent\"><img decoding=\"async\" class=\"image-asset hyperion-css-n6kkq1\" data-test-tag=\"image-asset\" src=\"https:\/\/www.europesays.com\/se\/wp-content\/uploads\/2025\/12\/1765707618_529_19280f63-8ec5-49a6-9628-edfef534cfd3\"  alt=\"\"  loading=\"lazy\" fetchpriority=\"auto\" style=\"aspect-ratio:1900 \/ 1900\"\/><\/a><\/p>\n<p class=\"boxtextgrotesk-root_baa6 hyperion-css-7pajle\">Uppdaterad 07.42 | Publicerad 07.25<\/p>\n<p>share-arrowDela<\/p>\n<p>unsaveSpara<\/p>\n<p>expand-left<\/p>\n<p>helsk\u00e4rm<img decoding=\"async\" class=\"image-asset hyperion-css-u06ts1\" data-test-tag=\"image-asset\" src=\"https:\/\/www.europesays.com\/se\/wp-content\/uploads\/2025\/12\/74a3f495-9e7c-4ae4-9c36-ce415d338ef3\"  alt=\"F\u00f6rsvarsminister P\u00e5l Jonson.\"  loading=\"eager\" fetchpriority=\"high\" style=\"aspect-ratio:1900 \/ 1322\"\/>F\u00f6rsvarsminister P\u00e5l Jonson. Foto: Johan Nilsson\/TT<\/p>\n<p class=\"hyperion-css-1shl3oz\" data-test-tag=\"lead-text\">Vilket ansvar staten ska ta f\u00f6r totalf\u00f6rsvarsnyttig infrastruktur \u00e4r tydligt i bara ett avseende:<\/p>\n<p class=\"hyperion-css-1shl3oz\" data-test-tag=\"lead-text\">Ingen verkar veta.<\/p>\n<p class=\"hyperion-css-1shl3oz\" data-test-tag=\"lead-text\">\u2013 Det kommer inte att bli allt \u00e5t alla, s\u00e4ger f\u00f6rsvarsminister P\u00e5l Jonson (M).<\/p>\n<p class=\"hyperion-css-1v9qo5x\">Halmstad kan \u00e5tminstone inte i n\u00e4rtid r\u00e4kna med n\u00e5gra statliga pengar f\u00f6r utbyggnad av hamnen. <\/p>\n<p class=\"hyperion-css-1v9qo5x\">Det \u00e4r \u00e4nnu inte fastst\u00e4llt vilka behov Sverige har eller p\u00e5 vilka platser utbyggnader kan komma att beh\u00f6vas, enligt f\u00f6rsvarsminister P\u00e5l Jonson.<\/p>\n<p class=\"hyperion-css-1v9qo5x\">F\u00f6rsvarsdepartementet har inv\u00e4ntat dels <a data-test-tag=\"internal-link\" href=\"https:\/\/www.aftonbladet.se\/tagg\/forsvarsmakten\" class=\"hyperion-css-15jkft9\" rel=\"nofollow noopener\" target=\"\" aria-label=\"F\u00f6rsvarsmaktens\">F\u00f6rsvarsmaktens<\/a> <a aria-label=\"\u201d\u00d6verv\u00e4ganden om det milit\u00e4ra f\u00f6rsvarets utformning\u201d\" class=\"default hyperion-css-15jkft9\" href=\"https:\/\/www.forsvarsmakten.se\/sv\/aktuellt\/2025\/11\/forsvarsmaktens-overvaganden-infor-framtidens-militara-forsvar\/\" rel=\"noopener noreferrer nofollow\" data-test-tag=\"external-link\" target=\"_blank\">\u201d\u00d6verv\u00e4ganden om det milit\u00e4ra f\u00f6rsvarets utformning\u201d<\/a> som kom i november, dels en \u00f6versyn inom <a data-test-tag=\"internal-link\" href=\"https:\/\/www.aftonbladet.se\/tagg\/nato\" class=\"hyperion-css-15jkft9\" rel=\"nofollow noopener\" target=\"\" aria-label=\"Nato\">Nato<\/a>.<\/p>\n<p class=\"hyperion-css-1v9qo5x\">\u2013 Nato bedriver just nu ett arbete d\u00e4r man identifierar viktiga punkter f\u00f6r v\u00e4rdlandsst\u00f6d i Sverige. Det \u00e4r en p\u00e5g\u00e5ende process och det har ju till del att g\u00f6ra med att vi nu kommer in i ett nytt Joint Area of Responsibility, s\u00e4ger P\u00e5l Jonson.<\/p>\n<p class=\"hyperion-css-1v9qo5x\">Det han syftar p\u00e5 \u00e4r att Sveriges f\u00f6rsvar sedan f\u00f6rra veckan leds fr\u00e5n Nato-kommandot i Norfolk i USA, i st\u00e4llet f\u00f6r som tidigare fr\u00e5n Brunssum i Nederl\u00e4nderna.<\/p>\n<p>expand-left<\/p>\n<p>helsk\u00e4rm<img decoding=\"async\" class=\"image-asset hyperion-css-u06ts1\" data-test-tag=\"image-asset\" src=\"https:\/\/www.europesays.com\/se\/wp-content\/uploads\/2025\/12\/9734dac6-549f-4ff5-9ac1-61be6db17fae\"  alt=\"Natomedlemskapet st\u00e4ller nya krav p\u00e5 Sverige.\"  loading=\"eager\" fetchpriority=\"high\" style=\"aspect-ratio:1900 \/ 1287\"\/>Natomedlemskapet st\u00e4ller nya krav p\u00e5 Sverige. Foto: Johan Nilsson\/TT50 miljarder kronor<\/p>\n<p class=\"hyperion-css-1v9qo5x\">P\u00e5l Jonson h\u00e4nvisar ocks\u00e5 till <a aria-label=\"\u00e5ttaparti\u00f6verenskommelsen om f\u00f6rsvaret\" class=\"default hyperion-css-15jkft9\" href=\"https:\/\/www.regeringen.se\/pressmeddelanden\/2025\/06\/blockoverskridande-overenskommelse-nadd-om-historisk-upprustning\/\" rel=\"noopener noreferrer nofollow\" data-test-tag=\"external-link\" target=\"_blank\">\u00e5ttaparti\u00f6verenskommelsen om f\u00f6rsvaret<\/a> fr\u00e5n i juni. <\/p>\n<p class=\"hyperion-css-1v9qo5x\">\u2013 I den \u00e4r det avsatt 50 miljarder kronor f\u00f6r infrastruktursatsningar kopplat till s\u00e4kerhets- och f\u00f6rsvarsomr\u00e5det, men ocks\u00e5 till att f\u00f6rst\u00e4rka f\u00f6rs\u00f6rjningss\u00e4kerheten. Jag ser framf\u00f6r mig att de h\u00e4r underlagen fr\u00e5n F\u00f6rsvarsmakten och Nato kommer att vara en del av de \u00f6verl\u00e4ggningar som vi kommer att ha kopplat till infrastruktursatsningarna.<\/p>\n<p>\u201dArbetar skyndsamt\u201d<\/p>\n<p class=\"hyperion-css-1v9qo5x\">Kanske f\u00e5r Sveriges kommuner tydligare besked om statens prioriteringar under n\u00e4sta \u00e5r.<\/p>\n<p class=\"hyperion-css-1v9qo5x\">\u2013 Det \u00e4r klart att med de nya 50 miljarderna s\u00e5 skapas det ocks\u00e5 mycket b\u00e4ttre ekonomiska f\u00f6ruts\u00e4ttningar att realisera detta. Jag skulle kunna t\u00e4nka mig att bilden kommer att klarna fram till sommaren och till h\u00f6sten, s\u00e4ger P\u00e5l Jonson.<\/p>\n<p class=\"hyperion-css-1v9qo5x\">\u2013 Man kan konstatera att det kommer inte att bli allt \u00e5t alla n\u00e4r det kommer till den milit\u00e4ra planeringen f\u00f6r infrastruktur och v\u00e4rdlandsst\u00f6d. Det kommer att vara vissa omr\u00e5den som \u00e4r strategiskt viktiga. Det m\u00e5ste ju bygga p\u00e5 den bed\u00f6mning och v\u00e4rdering som F\u00f6rsvarsmakten g\u00f6r. <\/p>\n<p class=\"hyperion-css-1v9qo5x\"><strong>G\u00e5r det snabbt nog d\u00e5? F\u00f6r det h\u00e4r med br\u00e5dska har jag h\u00f6rt b\u00e5de dig och Carl-Oskar Bohlin betona om och om igen.<\/strong><\/p>\n<p class=\"hyperion-css-1v9qo5x\">\u2013 Ja, och jag vill \u00e4nd\u00e5 s\u00e4ga att vi har ju f\u00f6rdubblat f\u00f6rsvarsbudgeten p\u00e5 fyra \u00e5r och vi har femdubblat anslagen som kommer till det civila f\u00f6rsvaret. S\u00e5 det \u00e4r ju stora medel. Nu antas ocks\u00e5 den f\u00f6rsta budgeten som har allokerade medel just f\u00f6r infrastruktursatsningar. S\u00e5 jag v\u00e5gar p\u00e5st\u00e5 att den h\u00e4r regeringen har arbetat skyndsamt. <\/p>\n","protected":false},"excerpt":{"rendered":"Uppdaterad 07.42 | Publicerad 07.25 share-arrowDela unsaveSpara expand-left helsk\u00e4rmF\u00f6rsvarsminister P\u00e5l Jonson. Foto: Johan Nilsson\/TT Vilket ansvar staten ska&hellip;\n","protected":false},"author":2,"featured_media":105512,"comment_status":"","ping_status":"","sticky":false,"template":"","format":"standard","meta":{"footnotes":""},"categories":[12],"tags":[22,23,26,27,17,21,24,25,28,29,15,16,18,34,31,33,32,30,19,20],"class_list":{"0":"post-105511","1":"post","2":"type-post","3":"status-publish","4":"format-standard","5":"has-post-thumbnail","7":"category-sverige","8":"tag-breaking-news","9":"tag-breakingnews","10":"tag-featured-news","11":"tag-featurednews","12":"tag-headlines","13":"tag-huvudnyheter","14":"tag-latest-news","15":"tag-latestnews","16":"tag-main-news","17":"tag-mainnews","18":"tag-news","19":"tag-nyheter","20":"tag-rubriker","21":"tag-se","22":"tag-svenska","23":"tag-sverige","24":"tag-sweden","25":"tag-swedish","26":"tag-top-stories","27":"tag-topstories"},"share_on_mastodon":{"url":"https:\/\/pubeurope.com\/@se\/115717421625511060","error":""},"_links":{"self":[{"href":"https:\/\/www.europesays.com\/se\/wp-json\/wp\/v2\/posts\/105511","targetHints":{"allow":["GET"]}}],"collection":[{"href":"https:\/\/www.europesays.com\/se\/wp-json\/wp\/v2\/posts"}],"about":[{"href":"https:\/\/www.europesays.com\/se\/wp-json\/wp\/v2\/types\/post"}],"author":[{"embeddable":true,"href":"https:\/\/www.europesays.com\/se\/wp-json\/wp\/v2\/users\/2"}],"replies":[{"embeddable":true,"href":"https:\/\/www.europesays.com\/se\/wp-json\/wp\/v2\/comments?post=105511"}],"version-history":[{"count":0,"href":"https:\/\/www.europesays.com\/se\/wp-json\/wp\/v2\/posts\/105511\/revisions"}],"wp:featuredmedia":[{"embeddable":true,"href":"https:\/\/www.europesays.com\/se\/wp-json\/wp\/v2\/media\/105512"}],"wp:attachment":[{"href":"https:\/\/www.europesays.com\/se\/wp-json\/wp\/v2\/media?parent=105511"}],"wp:term":[{"taxonomy":"category","embeddable":true,"href":"https:\/\/www.europesays.com\/se\/wp-json\/wp\/v2\/categories?post=105511"},{"taxonomy":"post_tag","embeddable":true,"href":"https:\/\/www.europesays.com\/se\/wp-json\/wp\/v2\/tags?post=105511"}],"curies":[{"name":"wp","href":"https:\/\/api.w.org\/{rel}","templated":true}]}}