{"id":105513,"date":"2025-12-14T10:21:14","date_gmt":"2025-12-14T10:21:14","guid":{"rendered":"https:\/\/www.europesays.com\/se\/105513\/"},"modified":"2025-12-14T10:21:14","modified_gmt":"2025-12-14T10:21:14","slug":"personbil-stillastaende-pa-e4-stopp-i-ett-korfalt-unt","status":"publish","type":"post","link":"https:\/\/www.europesays.com\/se\/105513\/","title":{"rendered":"Personbil stillast\u00e5ende p\u00e5 E4 \u2013 stopp i ett k\u00f6rf\u00e4lt &#8211; UNT"},"content":{"rendered":"<ol>\n<li><a href=\"https:\/\/news.google.com\/rss\/articles\/CBMiqwFBVV95cUxQdzlkdUdjZWlTV1JuRVRtWW1YT00wVl9XT1V0ZDdlR0oxaVVLLVkxSjF0Ykt3ZHVBTkJEMFRJbGtGcDN0WHlQenRXUTNLdzZoT0pIdnUwSml5Zkt0RmtYaXJ1ZVFZcHIxNG96TDg3eS1WT1BFQzRvd0phNGYzUlZDNDJkMUJQZVYxR2FSdEdmYzVDWTdGbkJmWUEzSlBGeFUwS0dGeDBJbmh3S0E?oc=5\" target=\"_blank\" rel=\"nofollow noopener\">Personbil stillast\u00e5ende p\u00e5 E4 \u2013 stopp i ett k\u00f6rf\u00e4lt<\/a>&nbsp;&nbsp;UNT<\/li>\n<li><a href=\"https:\/\/news.google.com\/rss\/articles\/CBMiywFBVV95cUxQbFktLUZQN05SSlZMM0xrUVdyLUp1cGNvdVJxbnVMemFhTjdrMDhCU3dEbmt6SDUzc0JEc1IxTzh1YjZDYklGa1ExcmhPNDhfWTlucUhrdVN5S2ZKbWJuT2tSM2ZjODY1d2dMWl82SUFiODZhdWE5U3NXU1JvNUJ3RDcydWpXbkVmVXFubWlwMTNMc0pNaERXdC1XNFYzN1ZoaXBmRjRrMGQ1cEw4TXEwWXhjSXIwTkhzOERXLWZLMEs4WlhmTmJMbmxYOA?oc=5\" target=\"_blank\" rel=\"nofollow noopener\">Just nu: Stopp i ett k\u00f6rf\u00e4lt p\u00e5 grund av stillast\u00e5ende lastbil p\u00e5 E4<\/a>&nbsp;&nbsp;Norran<\/li>\n<li><a href=\"https:\/\/news.google.com\/rss\/articles\/CBMi0gFBVV95cUxOQU1LaEc0Q2lPeFNWOFJsWHp5Q3VnRGhvVnNjbEtjQjRnUWRJVFhJUGQxOEFUbmIwOElWU3gxOXA2U1lkell1aEhuY0xPZjZQN1MtY29KRVhJWVJ1TWppZ0hsT2pKTDRER2dqTnVRRExyNnhFYWtOZGdlV1NEeEI3MTJrazBUT0xBeS0tb1g1SWQ3NlF6S2hYUm81SEZpV3JWZmd3UXI5Mk84NlNtNE95bDVYRDktdl92eGhoUmYtSzNhX0swWW1uWGlEVW5vTlpKVEE?oc=5\" target=\"_blank\" rel=\"nofollow noopener\">Just nu: Trafiken p\u00e5verkas av stillast\u00e5ende fordon p\u00e5 E4 \u2013 ett k\u00f6rf\u00e4lt blockerat<\/a>&nbsp;&nbsp;SN, S\u00f6dermanlands Nyheter<\/li>\n<li><a href=\"https:\/\/news.google.com\/rss\/articles\/CBMizwFBVV95cUxQS1BOQVg2WUg3clBrY1FZMl9NbThtUlZNTEJTVUtoR01zT19QMUxHSUdjNDA0TTJ3WEpySExYaTROTW1XdWsxWlRDSHhvN1BXM3F2aVFNOS1kWm1QRnhwbTU0ZGFzQUlWS0U1c09KWmtxaWN6ZUJBRVdvUmtEVWRPZEotQUhrMXQ0dEhnSUhfX3Y1Y0JRamRzVXF4ZG1NSWFwclRRWUNnUHprOVo2NE5jUkFsZEYtMVA1V1B0UUhycWlDYUpGTGxkQk56bkhpS0k?oc=5\" target=\"_blank\" rel=\"nofollow noopener\">Stopp i ett k\u00f6rf\u00e4lt p\u00e5 grund av en stillast\u00e5ende personbil p\u00e5 E6<\/a>&nbsp;&nbsp;Hallands Nyheter<\/li>\n<li><a href=\"https:\/\/news.google.com\/rss\/articles\/CBMiugFBVV95cUxPNHNqaEMwd3JBZnJUTG9senl0elU0a2xNZExmcUNUdWZycGw3TEVrLUh2UkMxeEJPa3RoTWVPekI3QkRQMWZhV1NLTzM5NVRRN21BWGprTnVIR3JFZ0tCOWt2Sy05OEU5NkVnOTR5RkQ1S1lma2c0cXgybnZVM0UxM25Dc05kSXhmMTZnZFVMQWJlTktQbURMeDAwdmhhM2ZtcVh1NEdHcFVKekZzb3liWmNKcHFWYXdFYUE?oc=5\" target=\"_blank\" rel=\"nofollow noopener\">Just nu: Stillast\u00e5ende fordon ger stopp i ett k\u00f6rf\u00e4lt p\u00e5 E4<\/a>&nbsp;&nbsp;Corren<\/li>\n<\/ol>\n","protected":false},"excerpt":{"rendered":"Personbil stillast\u00e5ende p\u00e5 E4 \u2013 stopp i ett k\u00f6rf\u00e4lt&nbsp;&nbsp;UNT Just nu: Stopp i ett k\u00f6rf\u00e4lt p\u00e5 grund av&hellip;\n","protected":false},"author":2,"featured_media":70881,"comment_status":"","ping_status":"","sticky":false,"template":"","format":"standard","meta":{"footnotes":""},"categories":[5],"tags":[22,23,26,27,17,21,24,25,28,29,15,16,18,34,31,33,32,30,19,20],"class_list":{"0":"post-105513","1":"post","2":"type-post","3":"status-publish","4":"format-standard","5":"has-post-thumbnail","7":"category-rubriker","8":"tag-breaking-news","9":"tag-breakingnews","10":"tag-featured-news","11":"tag-featurednews","12":"tag-headlines","13":"tag-huvudnyheter","14":"tag-latest-news","15":"tag-latestnews","16":"tag-main-news","17":"tag-mainnews","18":"tag-news","19":"tag-nyheter","20":"tag-rubriker","21":"tag-se","22":"tag-svenska","23":"tag-sverige","24":"tag-sweden","25":"tag-swedish","26":"tag-top-stories","27":"tag-topstories"},"share_on_mastodon":{"url":"https:\/\/pubeurope.com\/@se\/115717425428997053","error":""},"_links":{"self":[{"href":"https:\/\/www.europesays.com\/se\/wp-json\/wp\/v2\/posts\/105513","targetHints":{"allow":["GET"]}}],"collection":[{"href":"https:\/\/www.europesays.com\/se\/wp-json\/wp\/v2\/posts"}],"about":[{"href":"https:\/\/www.europesays.com\/se\/wp-json\/wp\/v2\/types\/post"}],"author":[{"embeddable":true,"href":"https:\/\/www.europesays.com\/se\/wp-json\/wp\/v2\/users\/2"}],"replies":[{"embeddable":true,"href":"https:\/\/www.europesays.com\/se\/wp-json\/wp\/v2\/comments?post=105513"}],"version-history":[{"count":0,"href":"https:\/\/www.europesays.com\/se\/wp-json\/wp\/v2\/posts\/105513\/revisions"}],"wp:featuredmedia":[{"embeddable":true,"href":"https:\/\/www.europesays.com\/se\/wp-json\/wp\/v2\/media\/70881"}],"wp:attachment":[{"href":"https:\/\/www.europesays.com\/se\/wp-json\/wp\/v2\/media?parent=105513"}],"wp:term":[{"taxonomy":"category","embeddable":true,"href":"https:\/\/www.europesays.com\/se\/wp-json\/wp\/v2\/categories?post=105513"},{"taxonomy":"post_tag","embeddable":true,"href":"https:\/\/www.europesays.com\/se\/wp-json\/wp\/v2\/tags?post=105513"}],"curies":[{"name":"wp","href":"https:\/\/api.w.org\/{rel}","templated":true}]}}