{"id":105514,"date":"2025-12-14T10:22:11","date_gmt":"2025-12-14T10:22:11","guid":{"rendered":"https:\/\/www.europesays.com\/se\/105514\/"},"modified":"2025-12-14T10:22:11","modified_gmt":"2025-12-14T10:22:11","slug":"antibiotika-i-vattenmiljoer-aven-nedbrytningsprodukter-kan-vara-ett-hot","status":"publish","type":"post","link":"https:\/\/www.europesays.com\/se\/105514\/","title":{"rendered":"Antibiotika i vattenmilj\u00f6er &#8211; \u00e4ven nedbrytningsprodukter kan vara ett hot!"},"content":{"rendered":"<p><strong>Antibiotika i vattenmilj\u00f6er \u2013 \u00e4ven nedbrytningsprodukter kan vara ett hot! Merparten av de antibiotika och antivirala l\u00e4kemedel vi anv\u00e4nder har f\u00f6r\u00e4ndrats n\u00e4r de l\u00e4mnar kroppen. M\u00e5nga av dessa nedbrytningsprodukter kan finnas kvar l\u00e4nge i vattenmilj\u00f6er med bevarad biologisk aktivitet och riskerar sprida antibiotikaresistens. Det visar studier av Paul L\u00f6ffler fr\u00e5n SLU.<\/strong><\/p>\n<p>Bara en br\u00e5kdel av de antibiotika vi anv\u00e4nder l\u00e4mnar kroppen of\u00f6r\u00e4ndrade, och det g\u00e4ller \u00e4ven l\u00e4kemedel mot virus som HIV och sars-cov-2. Resten omvandlas biologiskt, framf\u00f6r allt i levern. Och b\u00e5de modersubstanserna och nedbrytningsprodukterna kan f\u00f6r\u00e4ndras ytterligare n\u00e4r de hamnar i milj\u00f6n, bland annat genom solbelysning. I sj\u00f6ar och vattendrag finns d\u00e4rf\u00f6r ofta komplexa blandningar av antimikrobiella \u00e4mnen och deras nedbrytningsprodukter, var och en med distinkta kemiska egenskaper. Trots detta \u00e4r det f\u00f6rst p\u00e5 senare tid som nedbrytningsprodukternas inverkan i milj\u00f6n har uppm\u00e4rksammats, och Paul L\u00f6ffler har \u00e4gnat hela sitt doktorsarbete vid SLU \u00e5t dessa underutforskade substanser. Han har unders\u00f6kt vilka de \u00e4r, var de finns, vilka egenskaper de har och vilka vi b\u00f6r se <a href=\"https:\/\/fisheco.se\/?s=SLU&amp;security=26b8b6ec1d&amp;_wp_http_referer=%2F\" rel=\"nofollow noopener\" target=\"_blank\">upp med i milj\u00f6arbetet.<\/a><\/p>\n<p>\u2013 V\u00e5ra studier visar att de \u00e4mnen som bildas n\u00e4r l\u00e4kemedel bryts ner ibland kan utg\u00f6ra lika stora risker som modersubstansen, eller \u00e4nnu st\u00f6rre. Det \u00e4r n\u00e5got som hittills s\u00e4llan har beaktats i milj\u00f6\u00f6vervakning eller riskbed\u00f6mning. Men mindre kemiska f\u00f6r\u00e4ndringar kan ha stor betydelse, s\u00e4ger Paul L\u00f6ffler\u2026 <a href=\"https:\/\/www.slu.se\/nyheter\/2025\/12\/antibiotika-i-vattenmiljoer-aven-nedbrytningsprodukter-kan-vara-ett-hot\/\" target=\"_blank\" rel=\"noopener nofollow\">L\u00e4s hela artikeln hos SLU!<\/a><\/p>\n<p><a href=\"https:\/\/www.fiske247.se\/\" target=\"_blank\" rel=\"noopener nofollow\">Alla fiskenyheter direkt till din mail? Prenumerera p\u00e5 v\u00e5rt nyhetsbrev!<\/a><\/p>\n<blockquote class=\"instagram-media\" style=\"background: #FFF; border: 0; border-radius: 3px; box-shadow: 0 0 1px 0 rgba(0,0,0,0.5),0 1px 10px 0 rgba(0,0,0,0.15); margin: 1px; max-width: 540px; min-width: 326px; padding: 0; width: calc(100% - 2px);\" data-instgrm-captioned=\"\" data-instgrm-permalink=\"https:\/\/www.instagram.com\/reel\/DRpQpRVChsE\/?utm_source=ig_embed&amp;utm_campaign=loading\" data-instgrm-version=\"14\">\n<\/blockquote>\n<p>\ufeff\ufeff\ufeff\ufeff<\/p>\n<p>\u00a0<\/p>\n<p><\/p>\n<p><script async src=\"\/\/www.instagram.com\/embed.js\"><\/script><\/p>\n","protected":false},"excerpt":{"rendered":"Antibiotika i vattenmilj\u00f6er \u2013 \u00e4ven nedbrytningsprodukter kan vara ett hot! Merparten av de antibiotika och antivirala l\u00e4kemedel vi&hellip;\n","protected":false},"author":2,"featured_media":105515,"comment_status":"","ping_status":"","sticky":false,"template":"","format":"standard","meta":{"footnotes":""},"categories":[69],"tags":[113,112,34,31,33,32,30],"class_list":{"0":"post-105514","1":"post","2":"type-post","3":"status-publish","4":"format-standard","5":"has-post-thumbnail","7":"category-halsa","8":"tag-halsa","9":"tag-health","10":"tag-se","11":"tag-svenska","12":"tag-sverige","13":"tag-sweden","14":"tag-swedish"},"share_on_mastodon":{"url":"https:\/\/pubeurope.com\/@se\/115717429380928980","error":""},"_links":{"self":[{"href":"https:\/\/www.europesays.com\/se\/wp-json\/wp\/v2\/posts\/105514","targetHints":{"allow":["GET"]}}],"collection":[{"href":"https:\/\/www.europesays.com\/se\/wp-json\/wp\/v2\/posts"}],"about":[{"href":"https:\/\/www.europesays.com\/se\/wp-json\/wp\/v2\/types\/post"}],"author":[{"embeddable":true,"href":"https:\/\/www.europesays.com\/se\/wp-json\/wp\/v2\/users\/2"}],"replies":[{"embeddable":true,"href":"https:\/\/www.europesays.com\/se\/wp-json\/wp\/v2\/comments?post=105514"}],"version-history":[{"count":0,"href":"https:\/\/www.europesays.com\/se\/wp-json\/wp\/v2\/posts\/105514\/revisions"}],"wp:featuredmedia":[{"embeddable":true,"href":"https:\/\/www.europesays.com\/se\/wp-json\/wp\/v2\/media\/105515"}],"wp:attachment":[{"href":"https:\/\/www.europesays.com\/se\/wp-json\/wp\/v2\/media?parent=105514"}],"wp:term":[{"taxonomy":"category","embeddable":true,"href":"https:\/\/www.europesays.com\/se\/wp-json\/wp\/v2\/categories?post=105514"},{"taxonomy":"post_tag","embeddable":true,"href":"https:\/\/www.europesays.com\/se\/wp-json\/wp\/v2\/tags?post=105514"}],"curies":[{"name":"wp","href":"https:\/\/api.w.org\/{rel}","templated":true}]}}