{"id":105516,"date":"2025-12-14T10:23:07","date_gmt":"2025-12-14T10:23:07","guid":{"rendered":"https:\/\/www.europesays.com\/se\/105516\/"},"modified":"2025-12-14T10:23:07","modified_gmt":"2025-12-14T10:23:07","slug":"bjorkloven-varvar-sebastian-wannstrom-shl","status":"publish","type":"post","link":"https:\/\/www.europesays.com\/se\/105516\/","title":{"rendered":"Bj\u00f6rkl\u00f6ven v\u00e4rvar Sebastian W\u00e4nnstr\u00f6m | SHL"},"content":{"rendered":"<p>Publicerad 14 dec 2025 kl 10.40<\/p>\n<p>Sebastian W\u00e4nnstr\u00f6m spelade ett antal SHL-matcher med Malm\u00f6 i h\u00f6stas.<\/p>\n<p>Nu har han gjort klart med ny klubb.<\/p>\n<p>Enligt uppgifter till Expressen \u00e4r forwarden klar f\u00f6r Bj\u00f6rkl\u00f6ven.<\/p>\n<p><img   alt=\"\"\/><\/p>\n<p>Sebastian W\u00e4nnstr\u00f6m.<\/p>\n<p>Foto: CHRISTIAN \u00d6RNBERG \/ BILDBYR\u00c5N<\/p>\n<p>\u00d6ppna bild i helsk\u00e4rm<\/p>\n<p>34-\u00e5rige Sebastian W\u00e4nnstr\u00f6m har en l\u00e5ng karri\u00e4r med spel i flera olika l\u00e4nder, och SHL-spel med Bryn\u00e4s, R\u00f6gle, HV71, Leksand och nu senast i Malm\u00f6 under en kortare period i h\u00f6stas, d\u00e5 han spelade tre matcher f\u00f6r klubben.<\/p>\n<p>W\u00e4nnstr\u00f6m blev tidigt i karri\u00e4ren svensk m\u00e4stare med Bryn\u00e4s.<\/p>\n<p>Nu v\u00e4ntar allsvenskt spel f\u00f6r honom, hos seriesuver\u00e4nen <a href=\"https:\/\/www.expressen.se\/tagg\/organization\/bjorkloven\/\" class=\"\" rel=\"nofollow noopener\" target=\"_blank\">Bj\u00f6rkl\u00f6ven<\/a>.<\/p>\n<p>Enligt Expressens uppgifter ansluter W\u00e4nnstr\u00f6m p\u00e5 ett korttidskontrakt med Ume\u00e5klubben, som i f\u00f6rsta hand g\u00e4ller f\u00f6r att t\u00e4cka upp under JVM-perioden. Det kan bli tal om ett l\u00e4ngre kontrakt efter det.<\/p>\n","protected":false},"excerpt":{"rendered":"Publicerad 14 dec 2025 kl 10.40 Sebastian W\u00e4nnstr\u00f6m spelade ett antal SHL-matcher med Malm\u00f6 i h\u00f6stas. Nu har&hellip;\n","protected":false},"author":2,"featured_media":105517,"comment_status":"","ping_status":"","sticky":false,"template":"","format":"standard","meta":{"footnotes":""},"categories":[68],"tags":[640,641,2735,1179,34,255,823,111,110,31,33,32,30],"class_list":{"0":"post-105516","1":"post","2":"type-post","3":"status-publish","4":"format-standard","5":"has-post-thumbnail","7":"category-sport","8":"tag-organization-bjorkloven","9":"tag-organization-hockeyallsvenskan","10":"tag-organization-malmo-redhawks","11":"tag-organization-shl","12":"tag-se","13":"tag-sections-ishockey","14":"tag-sections-shl","15":"tag-sport","16":"tag-sports","17":"tag-svenska","18":"tag-sverige","19":"tag-sweden","20":"tag-swedish"},"share_on_mastodon":{"url":"https:\/\/pubeurope.com\/@se\/115717433381545561","error":""},"_links":{"self":[{"href":"https:\/\/www.europesays.com\/se\/wp-json\/wp\/v2\/posts\/105516","targetHints":{"allow":["GET"]}}],"collection":[{"href":"https:\/\/www.europesays.com\/se\/wp-json\/wp\/v2\/posts"}],"about":[{"href":"https:\/\/www.europesays.com\/se\/wp-json\/wp\/v2\/types\/post"}],"author":[{"embeddable":true,"href":"https:\/\/www.europesays.com\/se\/wp-json\/wp\/v2\/users\/2"}],"replies":[{"embeddable":true,"href":"https:\/\/www.europesays.com\/se\/wp-json\/wp\/v2\/comments?post=105516"}],"version-history":[{"count":0,"href":"https:\/\/www.europesays.com\/se\/wp-json\/wp\/v2\/posts\/105516\/revisions"}],"wp:featuredmedia":[{"embeddable":true,"href":"https:\/\/www.europesays.com\/se\/wp-json\/wp\/v2\/media\/105517"}],"wp:attachment":[{"href":"https:\/\/www.europesays.com\/se\/wp-json\/wp\/v2\/media?parent=105516"}],"wp:term":[{"taxonomy":"category","embeddable":true,"href":"https:\/\/www.europesays.com\/se\/wp-json\/wp\/v2\/categories?post=105516"},{"taxonomy":"post_tag","embeddable":true,"href":"https:\/\/www.europesays.com\/se\/wp-json\/wp\/v2\/tags?post=105516"}],"curies":[{"name":"wp","href":"https:\/\/api.w.org\/{rel}","templated":true}]}}