{"id":105521,"date":"2025-12-14T10:28:43","date_gmt":"2025-12-14T10:28:43","guid":{"rendered":"https:\/\/www.europesays.com\/se\/105521\/"},"modified":"2025-12-14T10:28:43","modified_gmt":"2025-12-14T10:28:43","slug":"polisen-sokte-efter-forsvunnen-kvinna-i-skurup-ystads-allehanda","status":"publish","type":"post","link":"https:\/\/www.europesays.com\/se\/105521\/","title":{"rendered":"Polisen s\u00f6kte efter f\u00f6rsvunnen kvinna i Skurup \u2013 Ystads Allehanda"},"content":{"rendered":"<p>Det var vid 18-tiden som polisen gick ut till allm\u00e4nheten i Skurup om att en kvinna i 90-\u00e5rs\u00e5ldern var f\u00f6rsvunnen. D\u00e5 hade kvinnan varit borta fr\u00e5n sitt hem i \u00f6ver tv\u00e5 timmar. Kvinnan har en sjukdomsbild som gjorde att s\u00f6kandet blev extra viktigt f\u00f6r polisen. <\/p>\n<p>Flera patruller samt helikopter var inkopplad i s\u00f6kandet vilket till slut gav resultat. Vid 21-tiden kunde polisen komma med gl\u00e4djande besked att den f\u00f6rsvunna kvinnan var hittade. <\/p>\n<p>\u201dHon m\u00e5r efter omst\u00e4ndigheterna bra\u201d, skriver polisen p\u00e5 sin hemsida samtidigt som de tackade allm\u00e4nheten f\u00f6r en rad tips som kom in under kv\u00e4llen. <\/p>\n","protected":false},"excerpt":{"rendered":"Det var vid 18-tiden som polisen gick ut till allm\u00e4nheten i Skurup om att en kvinna i 90-\u00e5rs\u00e5ldern&hellip;\n","protected":false},"author":2,"featured_media":105522,"comment_status":"","ping_status":"","sticky":false,"template":"","format":"standard","meta":{"footnotes":""},"categories":[12],"tags":[22,23,26,27,17,21,24,25,28,29,15,16,18,34,31,33,32,30,19,20],"class_list":{"0":"post-105521","1":"post","2":"type-post","3":"status-publish","4":"format-standard","5":"has-post-thumbnail","7":"category-sverige","8":"tag-breaking-news","9":"tag-breakingnews","10":"tag-featured-news","11":"tag-featurednews","12":"tag-headlines","13":"tag-huvudnyheter","14":"tag-latest-news","15":"tag-latestnews","16":"tag-main-news","17":"tag-mainnews","18":"tag-news","19":"tag-nyheter","20":"tag-rubriker","21":"tag-se","22":"tag-svenska","23":"tag-sverige","24":"tag-sweden","25":"tag-swedish","26":"tag-top-stories","27":"tag-topstories"},"share_on_mastodon":{"url":"https:\/\/pubeurope.com\/@se\/115717452968452710","error":""},"_links":{"self":[{"href":"https:\/\/www.europesays.com\/se\/wp-json\/wp\/v2\/posts\/105521","targetHints":{"allow":["GET"]}}],"collection":[{"href":"https:\/\/www.europesays.com\/se\/wp-json\/wp\/v2\/posts"}],"about":[{"href":"https:\/\/www.europesays.com\/se\/wp-json\/wp\/v2\/types\/post"}],"author":[{"embeddable":true,"href":"https:\/\/www.europesays.com\/se\/wp-json\/wp\/v2\/users\/2"}],"replies":[{"embeddable":true,"href":"https:\/\/www.europesays.com\/se\/wp-json\/wp\/v2\/comments?post=105521"}],"version-history":[{"count":0,"href":"https:\/\/www.europesays.com\/se\/wp-json\/wp\/v2\/posts\/105521\/revisions"}],"wp:featuredmedia":[{"embeddable":true,"href":"https:\/\/www.europesays.com\/se\/wp-json\/wp\/v2\/media\/105522"}],"wp:attachment":[{"href":"https:\/\/www.europesays.com\/se\/wp-json\/wp\/v2\/media?parent=105521"}],"wp:term":[{"taxonomy":"category","embeddable":true,"href":"https:\/\/www.europesays.com\/se\/wp-json\/wp\/v2\/categories?post=105521"},{"taxonomy":"post_tag","embeddable":true,"href":"https:\/\/www.europesays.com\/se\/wp-json\/wp\/v2\/tags?post=105521"}],"curies":[{"name":"wp","href":"https:\/\/api.w.org\/{rel}","templated":true}]}}